{"id":183753,"date":"2021-05-21T14:30:36","date_gmt":"2021-05-21T12:30:36","guid":{"rendered":"https:\/\/zjarr.tv\/?p=183753"},"modified":"2021-05-21T14:30:36","modified_gmt":"2021-05-21T12:30:36","slug":"falsifikonin-datat-e-skadences-se-produkteve-arrestohen-dy-jordanezet-qe-kishin-magazine-ne-tirane-bllokohen-qindra-koli-me-pije-energjike","status":"publish","type":"post","link":"https:\/\/zjarr.tv\/en\/falsifikonin-datat-e-skadences-se-produkteve-arrestohen-dy-jordanezet-qe-kishin-magazine-ne-tirane-bllokohen-qindra-koli-me-pije-energjike\/","title":{"rendered":"Falsifikonin datat e skadenc\u00ebs s\u00eb produkteve, arrestohen dy jordanez\u00ebt q\u00eb kishin magazin\u00eb n\u00eb Tiran\u00eb, bllokohen qindra koli me pije energjike"},"content":{"rendered":"<p style=\"background: white; margin: 0in 0in 19.5pt 0in;\">Dy persona nga Jordania jan\u00eb arrestuar nga Policia e Tiran\u00ebs pas nj\u00eb operacioni dhe hetimesh disa javore. K\u00ebta shtetas, n\u00eb bashk\u00ebpunim me nj\u00ebri-tjetrin kishin marr\u00eb nj\u00eb magazin\u00eb me qira n\u00eb kryeqytet dhe falsifikonin dat\u00ebn e skadenc\u00ebs s\u00eb produkteve ushqimore.<br style=\"-webkit-tap-highlight-color: transparent !important; box-sizing: border-box;\" \/><br style=\"-webkit-tap-highlight-color: transparent !important; box-sizing: border-box;\" \/><strong style=\"-webkit-tap-highlight-color: transparent !important; box-sizing: border-box;\">Njoftimi i Policis\u00eb s\u00eb Tiran\u00eb:<\/strong><b><br style=\"-webkit-tap-highlight-color: transparent !important; box-sizing: border-box;\" \/><\/b><br style=\"-webkit-tap-highlight-color: transparent !important; box-sizing: border-box;\" \/>Specialist\u00ebt e Seksionit t\u00eb Krimit Ekonomik dhe Financiar, n\u00eb bashk\u00ebpunim me Sektorin e Monitorimit dhe Hetimit t\u00eb Drejtoris\u00eb s\u00eb P\u00ebrgjithshme t\u00eb Agjencis\u00eb Komb\u00ebtare t\u00eb Ushqimit n\u00ebn drejtimin e\u00a0 Prokuroris\u00eb s\u00eb Rrethit Gjyq\u00ebsor Tiran\u00eb, pas nj\u00eb hetimi disajavor, zhvilluan dhe finalizuan operacion policor t\u00eb koduar \u201cSkadenca\u201d si rezultat i t\u00eb cilit u vun\u00eb n\u00eb pranga shtetasit e huaj:<\/p>\n<p style=\"background: white; -webkit-tap-highlight-color: transparent !important; box-sizing: border-box; overflow-wrap: break-word; font-variant-ligatures: normal; font-variant-caps: normal; orphans: 2; widows: 2; -webkit-text-stroke-width: 0px; text-decoration-thickness: initial; text-decoration-style: initial; text-decoration-color: initial; word-spacing: 0px; margin: 0in 0in 19.5pt 0in;\">Y. R., 57 vje\u00e7 dhe A. R., 28 vje\u00e7, lindur n\u00eb Jordani dhe banues n\u00eb Tiran\u00eb.<\/p>\n<p style=\"background: white; -webkit-tap-highlight-color: transparent !important; box-sizing: border-box; overflow-wrap: break-word; font-variant-ligatures: normal; font-variant-caps: normal; orphans: 2; widows: 2; -webkit-text-stroke-width: 0px; text-decoration-thickness: initial; text-decoration-style: initial; text-decoration-color: initial; word-spacing: 0px; margin: 0in 0in 19.5pt 0in;\">K\u00ebta shtetas kishin hapur n\u00eb nj\u00eb magazin\u00eb t\u00eb marr\u00eb me qira, nj\u00eb subjekt me an\u00eb t\u00eb t\u00eb cilit tregtonin n\u00eb sasi t\u00eb m\u00ebdha produkte t\u00eb ndryshme konsumi, t\u00eb cilat kishin tejkaluar afatin e skadenc\u00ebs.<\/p>\n<p style=\"background: white; -webkit-tap-highlight-color: transparent !important; box-sizing: border-box; overflow-wrap: break-word; font-variant-ligatures: normal; font-variant-caps: normal; orphans: 2; widows: 2; -webkit-text-stroke-width: 0px; text-decoration-thickness: initial; text-decoration-style: initial; text-decoration-color: initial; word-spacing: 0px; margin: 0in 0in 19.5pt 0in;\">K\u00ebta shtetas, n\u00eb bashk\u00ebpunim me nj\u00ebri-tjetrin, pasi iu fshinin datat e skadencave produkteve t\u00eb\u00a0 skaduara, duke p\u00ebrdorur l\u00ebnd\u00eb kimike, iu vendosnin atyre data t\u00eb reja skadence, p\u00ebr t\u00eb shtyr\u00eb afatin e p\u00ebrdorimit deri n\u00eb dy vjet.<\/p>\n<p style=\"background: white; -webkit-tap-highlight-color: transparent !important; box-sizing: border-box; overflow-wrap: break-word; font-variant-ligatures: normal; font-variant-caps: normal; orphans: 2; widows: 2; -webkit-text-stroke-width: 0px; text-decoration-thickness: initial; text-decoration-style: initial; text-decoration-color: initial; word-spacing: 0px; margin: 0in 0in 19.5pt 0in;\">N\u00eb cil\u00ebsin\u00eb e prov\u00ebs materiale u sekuestrua nj\u00eb vul\u00eb q\u00eb p\u00ebrdorej p\u00ebr falsifikimin e datave t\u00eb skadenc\u00ebs, 3 shishe me l\u00ebnd\u00eb kimike t\u00eb cilat p\u00ebrdoreshin p\u00ebr fshirjen e datave t\u00eb prodhimit dhe skadenc\u00ebs, si dhe produkte t\u00eb ndryshme t\u00eb skaduara dhe me dat\u00eb prodhimi t\u00eb falsifikuar.<\/p>\n<p style=\"background: white; -webkit-tap-highlight-color: transparent !important; box-sizing: border-box; overflow-wrap: break-word; font-variant-ligatures: normal; font-variant-caps: normal; orphans: 2; widows: 2; -webkit-text-stroke-width: 0px; text-decoration-thickness: initial; text-decoration-style: initial; text-decoration-color: initial; word-spacing: 0px; margin: 0in 0in 19.5pt 0in;\">Materialet u referuan n\u00eb Prokurorin\u00eb pran\u00eb Gjykat\u00ebs s\u00eb Shkall\u00ebs s\u00eb Par\u00eb Tiran\u00eb, p\u00ebr veprat penale \u201cMashtrim me produktet ushqimore\u201d kryer n\u00eb bashk\u00ebpunim dhe \u201cFalsifikimi i vulave, stampave dhe i formular\u00ebve\u201d.<\/p>","protected":false},"excerpt":{"rendered":"<p>Dy persona nga Jordania jan\u00eb arrestuar nga Policia e Tiran\u00ebs pas nj\u00eb operacioni dhe hetimesh disa javore. K\u00ebta shtetas, n\u00eb bashk\u00ebpunim me nj\u00ebri-tjetrin kishin marr\u00eb nj\u00eb magazin\u00eb me qira n\u00eb kryeqytet dhe falsifikonin dat\u00ebn e skadenc\u00ebs s\u00eb produkteve ushqimore.Njoftimi i Policis\u00eb s\u00eb Tiran\u00eb:Specialist\u00ebt e Seksionit t\u00eb Krimit Ekonomik dhe Financiar, n\u00eb bashk\u00ebpunim me Sektorin e [&hellip;]<\/p>\n","protected":false},"author":2030,"featured_media":183754,"comment_status":"closed","ping_status":"closed","sticky":false,"template":"","format":"standard","meta":{"footnotes":""},"categories":[241],"tags":[],"class_list":{"0":"post-183753","1":"post","2":"type-post","3":"status-publish","4":"format-standard","5":"has-post-thumbnail","7":"category-aktualitet"},"_links":{"self":[{"href":"https:\/\/zjarr.tv\/en\/wp-json\/wp\/v2\/posts\/183753","targetHints":{"allow":["GET"]}}],"collection":[{"href":"https:\/\/zjarr.tv\/en\/wp-json\/wp\/v2\/posts"}],"about":[{"href":"https:\/\/zjarr.tv\/en\/wp-json\/wp\/v2\/types\/post"}],"author":[{"embeddable":true,"href":"https:\/\/zjarr.tv\/en\/wp-json\/wp\/v2\/users\/2030"}],"replies":[{"embeddable":true,"href":"https:\/\/zjarr.tv\/en\/wp-json\/wp\/v2\/comments?post=183753"}],"version-history":[{"count":0,"href":"https:\/\/zjarr.tv\/en\/wp-json\/wp\/v2\/posts\/183753\/revisions"}],"wp:featuredmedia":[{"embeddable":true,"href":"https:\/\/zjarr.tv\/en\/wp-json\/wp\/v2\/media\/183754"}],"wp:attachment":[{"href":"https:\/\/zjarr.tv\/en\/wp-json\/wp\/v2\/media?parent=183753"}],"wp:term":[{"taxonomy":"category","embeddable":true,"href":"https:\/\/zjarr.tv\/en\/wp-json\/wp\/v2\/categories?post=183753"},{"taxonomy":"post_tag","embeddable":true,"href":"https:\/\/zjarr.tv\/en\/wp-json\/wp\/v2\/tags?post=183753"}],"curies":[{"name":"wp","href":"https:\/\/api.w.org\/{rel}","templated":true}]}}