{"id":183927,"date":"2021-05-22T14:21:22","date_gmt":"2021-05-22T12:21:22","guid":{"rendered":"https:\/\/zjarr.tv\/?p=183927"},"modified":"2021-05-22T14:21:22","modified_gmt":"2021-05-22T12:21:22","slug":"vetem-per-kete-gje-lutem-cdo-nate-armina-mevlani-komenton-vendimin-e-dash-per-shpalljen-non-grata-te-sali-brishes-me-intereson-vetem-shendeti-te-tjerat-rregulloh","status":"publish","type":"post","link":"https:\/\/zjarr.tv\/en\/vetem-per-kete-gje-lutem-cdo-nate-armina-mevlani-komenton-vendimin-e-dash-per-shpalljen-non-grata-te-sali-brishes-me-intereson-vetem-shendeti-te-tjerat-rregulloh\/","title":{"rendered":"\u201cVet\u00ebm p\u00ebr k\u00ebt\u00eb gj\u00eb lutem \u00e7do nat\u00eb\u201d, Armina Mevlani komenton vendimin e DASh p\u00ebr shpalljen \u2018non grata\u2019 t\u00eb Sali Brish\u00ebs: M\u00eb intereson vet\u00ebm sh\u00ebndeti, t\u00eb tjerat rregullohen"},"content":{"rendered":"<p>Armina Mevlani, partnerja e Shk\u00eblzen Berish\u00ebs, ka komentuar p\u00ebr her\u00eb t\u00eb par\u00eb vendimin p\u00ebr shpalljen non grata t\u00eb ish-kryeministrit Sali Berisha.<\/p>\n<p>N\u00eb nj\u00eb sesion pyetje p\u00ebrgjigje n\u00eb Instagram, modelja ka cekur dhe vendimin e bujsh\u00ebm Departamentit Amerikan t\u00eb Shtetit, ku shprehet se p\u00ebr arsye politike \u00e7do gj\u00eb mund t\u00eb ndodh\u00eb, por m\u00eb e r\u00ebnd\u00ebsishmja \u00ebsht\u00eb sh\u00ebndeti i njer\u00ebzve t\u00eb dashur, pasi \u00e7do gj\u00eb tjet\u00ebr rregullohet.<\/p>\n<p><strong>Pyetje:<\/strong> <em>Sorry p\u00ebr lajmet e fundit mbi familjen dhe t\u00eb themi, sepse jam e sigurt q\u00eb as ti nuk ndihesh mir.<\/em><\/p>\n<p><strong>P\u00ebrgjigje:<\/strong> <em>Tashm\u00eb kam m\u00ebsuar q\u00eb p\u00ebr arsye politike \u00e7do gj\u00eb mund t\u00eb ndodh\u00eb, edhe pse vet\u00eb nuk jam pjes\u00eb e saj. Por ajo q\u00eb m\u00eb intereson \u00ebsht\u00eb vet\u00ebm sh\u00ebndeti im dhe i njer\u00ebzve t\u00eb dashur (p\u00ebr k\u00ebt\u00eb lutem \u00e7do nat\u00eb pas periudh\u00ebs s\u00eb v\u00ebshtir\u00eb t\u00eb coron\u00ebs). Gjith\u00e7ka tjet\u00ebr rregullohet dhe kalon.<\/em><\/p>\n<p><img loading=\"lazy\" decoding=\"async\" class=\"alignnone size-medium wp-image-183928\" src=\"https:\/\/zjarr.tv\/wp-content\/uploads\/2021\/05\/Untitled-design-2021-05-22T141840.231-300x251.jpg\" alt=\"\" width=\"300\" height=\"251\" srcset=\"https:\/\/zjarr.tv\/wp-content\/uploads\/2021\/05\/Untitled-design-2021-05-22T141840.231-300x251.jpg 300w, https:\/\/zjarr.tv\/wp-content\/uploads\/2021\/05\/Untitled-design-2021-05-22T141840.231-768x644.jpg 768w, https:\/\/zjarr.tv\/wp-content\/uploads\/2021\/05\/Untitled-design-2021-05-22T141840.231-696x583.jpg 696w, https:\/\/zjarr.tv\/wp-content\/uploads\/2021\/05\/Untitled-design-2021-05-22T141840.231-501x420.jpg 501w, https:\/\/zjarr.tv\/wp-content\/uploads\/2021\/05\/Untitled-design-2021-05-22T141840.231.jpg 940w\" sizes=\"auto, (max-width: 300px) 100vw, 300px\" \/><\/p>","protected":false},"excerpt":{"rendered":"<p>Armina Mevlani, partnerja e Shk\u00eblzen Berish\u00ebs, ka komentuar p\u00ebr her\u00eb t\u00eb par\u00eb vendimin p\u00ebr shpalljen non grata t\u00eb ish-kryeministrit Sali Berisha. N\u00eb nj\u00eb sesion pyetje p\u00ebrgjigje n\u00eb Instagram, modelja ka cekur dhe vendimin e bujsh\u00ebm Departamentit Amerikan t\u00eb Shtetit, ku shprehet se p\u00ebr arsye politike \u00e7do gj\u00eb mund t\u00eb ndodh\u00eb, por m\u00eb e r\u00ebnd\u00ebsishmja \u00ebsht\u00eb [&hellip;]<\/p>\n","protected":false},"author":2030,"featured_media":183929,"comment_status":"closed","ping_status":"closed","sticky":false,"template":"","format":"standard","meta":{"footnotes":""},"categories":[241],"tags":[],"class_list":{"0":"post-183927","1":"post","2":"type-post","3":"status-publish","4":"format-standard","5":"has-post-thumbnail","7":"category-aktualitet"},"_links":{"self":[{"href":"https:\/\/zjarr.tv\/en\/wp-json\/wp\/v2\/posts\/183927","targetHints":{"allow":["GET"]}}],"collection":[{"href":"https:\/\/zjarr.tv\/en\/wp-json\/wp\/v2\/posts"}],"about":[{"href":"https:\/\/zjarr.tv\/en\/wp-json\/wp\/v2\/types\/post"}],"author":[{"embeddable":true,"href":"https:\/\/zjarr.tv\/en\/wp-json\/wp\/v2\/users\/2030"}],"replies":[{"embeddable":true,"href":"https:\/\/zjarr.tv\/en\/wp-json\/wp\/v2\/comments?post=183927"}],"version-history":[{"count":0,"href":"https:\/\/zjarr.tv\/en\/wp-json\/wp\/v2\/posts\/183927\/revisions"}],"wp:featuredmedia":[{"embeddable":true,"href":"https:\/\/zjarr.tv\/en\/wp-json\/wp\/v2\/media\/183929"}],"wp:attachment":[{"href":"https:\/\/zjarr.tv\/en\/wp-json\/wp\/v2\/media?parent=183927"}],"wp:term":[{"taxonomy":"category","embeddable":true,"href":"https:\/\/zjarr.tv\/en\/wp-json\/wp\/v2\/categories?post=183927"},{"taxonomy":"post_tag","embeddable":true,"href":"https:\/\/zjarr.tv\/en\/wp-json\/wp\/v2\/tags?post=183927"}],"curies":[{"name":"wp","href":"https:\/\/api.w.org\/{rel}","templated":true}]}}