{"id":183932,"date":"2021-05-22T15:46:40","date_gmt":"2021-05-22T13:46:40","guid":{"rendered":"https:\/\/zjarr.tv\/?p=183932"},"modified":"2021-05-22T15:46:40","modified_gmt":"2021-05-22T13:46:40","slug":"tentoi-te-kaloje-kufirin-me-dokumenta-false-arrestohet-49-vjecari-kosovar-ne-durres","status":"publish","type":"post","link":"https:\/\/zjarr.tv\/en\/tentoi-te-kaloje-kufirin-me-dokumenta-false-arrestohet-49-vjecari-kosovar-ne-durres\/","title":{"rendered":"Tentoi t\u00eb kaloj\u00eb kufirin me dokumenta false, arrestohet 49-vje\u00e7ari kosovar n\u00eb Durr\u00ebs"},"content":{"rendered":"<p style=\"background: white; margin: 0in 0in 19.5pt 0in;\">Nj\u00eb 49-vje\u00e7ar \u00ebsht\u00eb arrestuar nga policia e Durr\u00ebsit pasi tentoi t\u00eb kalonte kufurin me dokumenta false.<\/p>\n<p style=\"background: white; -webkit-tap-highlight-color: transparent !important; box-sizing: border-box; overflow-wrap: break-word; font-variant-ligatures: normal; font-variant-caps: normal; orphans: 2; widows: 2; -webkit-text-stroke-width: 0px; text-decoration-thickness: initial; text-decoration-style: initial; text-decoration-color: initial; word-spacing: 0px; margin: 0in 0in 19.5pt 0in;\">Sipas njoftimit t\u00eb uniformave blu shtetasi B.A. banues n\u00eb Kosov\u00eb u kap duke kaluar kufirin me viz\u00eb hollandeze e dyshuar e falsifikuar.<\/p>\n<p style=\"background: white; -webkit-tap-highlight-color: transparent !important; box-sizing: border-box; overflow-wrap: break-word; font-variant-ligatures: normal; font-variant-caps: normal; orphans: 2; widows: 2; -webkit-text-stroke-width: 0px; text-decoration-thickness: initial; text-decoration-style: initial; text-decoration-color: initial; word-spacing: 0px; margin: 0in 0in 19.5pt 0in;\">Nd\u00ebrkoh\u00eb, materialet i kaluan Prokuroris\u00eb s\u00eb Rrethit Gjyq\u00ebsor Durr\u00ebs p\u00ebr veprime t\u00eb m\u00ebtejshme.<\/p>\n<p style=\"background: white; -webkit-tap-highlight-color: transparent !important; box-sizing: border-box; overflow-wrap: break-word; font-variant-ligatures: normal; font-variant-caps: normal; orphans: 2; widows: 2; -webkit-text-stroke-width: 0px; text-decoration-thickness: initial; text-decoration-style: initial; text-decoration-color: initial; word-spacing: 0px; margin: 0in 0in 19.5pt 0in;\"><strong style=\"-webkit-tap-highlight-color: transparent !important; box-sizing: border-box;\">Njoftimi i Policis\u00eb<\/strong><\/p>\n<p style=\"background: white; -webkit-tap-highlight-color: transparent !important; box-sizing: border-box; overflow-wrap: break-word; font-variant-ligatures: normal; font-variant-caps: normal; orphans: 2; widows: 2; -webkit-text-stroke-width: 0px; text-decoration-thickness: initial; text-decoration-style: initial; text-decoration-color: initial; word-spacing: 0px; margin: 0in 0in 19.5pt 0in;\">Vijon puna p\u00ebr goditjen e paligjshm\u00ebris\u00eb.<\/p>\n<p style=\"background: white; -webkit-tap-highlight-color: transparent !important; box-sizing: border-box; overflow-wrap: break-word; font-variant-ligatures: normal; font-variant-caps: normal; orphans: 2; widows: 2; -webkit-text-stroke-width: 0px; text-decoration-thickness: initial; text-decoration-style: initial; text-decoration-color: initial; word-spacing: 0px; margin: 0in 0in 19.5pt 0in;\">Vihen n\u00eb pranga dy shtetas p\u00ebr vepra t\u00eb ndryshme penale.<\/p>\n<p style=\"background: white; -webkit-tap-highlight-color: transparent !important; box-sizing: border-box; overflow-wrap: break-word; font-variant-ligatures: normal; font-variant-caps: normal; orphans: 2; widows: 2; -webkit-text-stroke-width: 0px; text-decoration-thickness: initial; text-decoration-style: initial; text-decoration-color: initial; word-spacing: 0px; margin: 0in 0in 19.5pt 0in;\">Specialist\u00ebt p\u00ebr Hetimin e Krimit Ekonomik dhe Financiar n\u00eb DVP Durr\u00ebs kan\u00eb arrestuar n\u00eb flagranc\u00eb shtetasin B.A., 49 vje\u00e7, banues n\u00eb Kosov\u00eb, pasi n\u00eb P.K.K.Port \u2013 Durr\u00ebs u kap duke kaluar kufirin me viz\u00eb hollandeze e dyshuar e falsifikuar.<\/p>\n<p style=\"background: white; -webkit-tap-highlight-color: transparent !important; box-sizing: border-box; overflow-wrap: break-word; font-variant-ligatures: normal; font-variant-caps: normal; orphans: 2; widows: 2; -webkit-text-stroke-width: 0px; text-decoration-thickness: initial; text-decoration-style: initial; text-decoration-color: initial; word-spacing: 0px; margin: 0in 0in 19.5pt 0in;\">Materialet i kaluan Prokuroris\u00eb s\u00eb Rrethit Gjyq\u00ebsor Durr\u00ebs p\u00ebr veprime t\u00eb m\u00ebtejshme.<\/p>","protected":false},"excerpt":{"rendered":"<p>Nj\u00eb 49-vje\u00e7ar \u00ebsht\u00eb arrestuar nga policia e Durr\u00ebsit pasi tentoi t\u00eb kalonte kufurin me dokumenta false. Sipas njoftimit t\u00eb uniformave blu shtetasi B.A. banues n\u00eb Kosov\u00eb u kap duke kaluar kufirin me viz\u00eb hollandeze e dyshuar e falsifikuar. Nd\u00ebrkoh\u00eb, materialet i kaluan Prokuroris\u00eb s\u00eb Rrethit Gjyq\u00ebsor Durr\u00ebs p\u00ebr veprime t\u00eb m\u00ebtejshme. Njoftimi i Policis\u00eb Vijon [&hellip;]<\/p>\n","protected":false},"author":2030,"featured_media":183933,"comment_status":"closed","ping_status":"closed","sticky":false,"template":"","format":"standard","meta":{"footnotes":""},"categories":[241],"tags":[],"class_list":{"0":"post-183932","1":"post","2":"type-post","3":"status-publish","4":"format-standard","5":"has-post-thumbnail","7":"category-aktualitet"},"_links":{"self":[{"href":"https:\/\/zjarr.tv\/en\/wp-json\/wp\/v2\/posts\/183932","targetHints":{"allow":["GET"]}}],"collection":[{"href":"https:\/\/zjarr.tv\/en\/wp-json\/wp\/v2\/posts"}],"about":[{"href":"https:\/\/zjarr.tv\/en\/wp-json\/wp\/v2\/types\/post"}],"author":[{"embeddable":true,"href":"https:\/\/zjarr.tv\/en\/wp-json\/wp\/v2\/users\/2030"}],"replies":[{"embeddable":true,"href":"https:\/\/zjarr.tv\/en\/wp-json\/wp\/v2\/comments?post=183932"}],"version-history":[{"count":0,"href":"https:\/\/zjarr.tv\/en\/wp-json\/wp\/v2\/posts\/183932\/revisions"}],"wp:featuredmedia":[{"embeddable":true,"href":"https:\/\/zjarr.tv\/en\/wp-json\/wp\/v2\/media\/183933"}],"wp:attachment":[{"href":"https:\/\/zjarr.tv\/en\/wp-json\/wp\/v2\/media?parent=183932"}],"wp:term":[{"taxonomy":"category","embeddable":true,"href":"https:\/\/zjarr.tv\/en\/wp-json\/wp\/v2\/categories?post=183932"},{"taxonomy":"post_tag","embeddable":true,"href":"https:\/\/zjarr.tv\/en\/wp-json\/wp\/v2\/tags?post=183932"}],"curies":[{"name":"wp","href":"https:\/\/api.w.org\/{rel}","templated":true}]}}