{"id":183944,"date":"2021-05-22T16:07:03","date_gmt":"2021-05-22T14:07:03","guid":{"rendered":"https:\/\/zjarr.tv\/?p=183944"},"modified":"2021-05-22T16:07:03","modified_gmt":"2021-05-22T14:07:03","slug":"se-kam-prekur-vajzen-ngjarje-e-trilluar-akuzohet-se-ngacmoi-seksualusht-13-vjecaren-55-vjecari-lihet-ne-arrest-shtepie-per-20-dite","status":"publish","type":"post","link":"https:\/\/zjarr.tv\/en\/se-kam-prekur-vajzen-ngjarje-e-trilluar-akuzohet-se-ngacmoi-seksualusht-13-vjecaren-55-vjecari-lihet-ne-arrest-shtepie-per-20-dite\/","title":{"rendered":"\u201cS\u2019e kam prekur vajz\u00ebn, ngjarje e trilluar\u201d, akuzohet se ngacmoi seksualusht 13-vje\u00e7aren, 55-vje\u00e7ari lihet n\u00eb arrest sht\u00ebpie p\u00ebr 20 dit\u00eb!"},"content":{"rendered":"<p>Gjykata e Beratit ka vendosur mas\u00ebn \u201carrest sht\u00ebpie\u201d me afat 20 dit\u00eb p\u00ebr 55-vje\u00e7arin, i cili akuzohet se ka ngacmuar seksualisht nj\u00eb 13-vje\u00e7are.<\/p>\n<p>B\u00ebhet me dije se Adriatik \u00c7ela nuk ka pranuar akuz\u00ebn p\u00ebr ngacmimin seksual, teksa \u00ebsht\u00eb shprehur se nuk e ka prekur vazj\u00ebn.<\/p>\n<p>I akuzuari para togave t\u00eb zeza ka th\u00ebn\u00eb se vajz\u00ebn e kan\u00eb m\u00ebsuar prind\u00ebrit, q\u00eb t\u00eb trilloj\u00eb ngjarjen, pasi mes familjeve t\u00eb tyre ja konflikt p\u00ebr pron\u00ebsin\u00eb e nj\u00eb toke.<\/p>","protected":false},"excerpt":{"rendered":"<p>Gjykata e Beratit ka vendosur mas\u00ebn \u201carrest sht\u00ebpie\u201d me afat 20 dit\u00eb p\u00ebr 55-vje\u00e7arin, i cili akuzohet se ka ngacmuar seksualisht nj\u00eb 13-vje\u00e7are. B\u00ebhet me dije se Adriatik \u00c7ela nuk ka pranuar akuz\u00ebn p\u00ebr ngacmimin seksual, teksa \u00ebsht\u00eb shprehur se nuk e ka prekur vazj\u00ebn. I akuzuari para togave t\u00eb zeza ka th\u00ebn\u00eb se vajz\u00ebn [&hellip;]<\/p>\n","protected":false},"author":2030,"featured_media":183945,"comment_status":"closed","ping_status":"closed","sticky":false,"template":"","format":"standard","meta":{"footnotes":""},"categories":[241],"tags":[],"class_list":{"0":"post-183944","1":"post","2":"type-post","3":"status-publish","4":"format-standard","5":"has-post-thumbnail","7":"category-aktualitet"},"_links":{"self":[{"href":"https:\/\/zjarr.tv\/en\/wp-json\/wp\/v2\/posts\/183944","targetHints":{"allow":["GET"]}}],"collection":[{"href":"https:\/\/zjarr.tv\/en\/wp-json\/wp\/v2\/posts"}],"about":[{"href":"https:\/\/zjarr.tv\/en\/wp-json\/wp\/v2\/types\/post"}],"author":[{"embeddable":true,"href":"https:\/\/zjarr.tv\/en\/wp-json\/wp\/v2\/users\/2030"}],"replies":[{"embeddable":true,"href":"https:\/\/zjarr.tv\/en\/wp-json\/wp\/v2\/comments?post=183944"}],"version-history":[{"count":0,"href":"https:\/\/zjarr.tv\/en\/wp-json\/wp\/v2\/posts\/183944\/revisions"}],"wp:featuredmedia":[{"embeddable":true,"href":"https:\/\/zjarr.tv\/en\/wp-json\/wp\/v2\/media\/183945"}],"wp:attachment":[{"href":"https:\/\/zjarr.tv\/en\/wp-json\/wp\/v2\/media?parent=183944"}],"wp:term":[{"taxonomy":"category","embeddable":true,"href":"https:\/\/zjarr.tv\/en\/wp-json\/wp\/v2\/categories?post=183944"},{"taxonomy":"post_tag","embeddable":true,"href":"https:\/\/zjarr.tv\/en\/wp-json\/wp\/v2\/tags?post=183944"}],"curies":[{"name":"wp","href":"https:\/\/api.w.org\/{rel}","templated":true}]}}