{"id":183948,"date":"2021-05-22T16:09:26","date_gmt":"2021-05-22T14:09:26","guid":{"rendered":"https:\/\/zjarr.tv\/?p=183948"},"modified":"2021-05-22T16:09:26","modified_gmt":"2021-05-22T14:09:26","slug":"biden-zotohet-se-do-te-ndihmoje-ne-rindertimin-e-gazes-ska-paqe-derisa-te-njihet","status":"publish","type":"post","link":"https:\/\/zjarr.tv\/en\/biden-zotohet-se-do-te-ndihmoje-ne-rindertimin-e-gazes-ska-paqe-derisa-te-njihet\/","title":{"rendered":"Biden zotohet se do t\u00eb ndihmoj\u00eb n\u00eb rind\u00ebrtimin e Gaz\u00ebs: S\u2019ka paqe derisa t\u00eb njihet\u2026"},"content":{"rendered":"<p style=\"background: white; margin: 0in 0in 19.5pt 0in;\">Presidenti amerikan Joe Biden ka deklaruar se do t\u00eb ndihmoj\u00eb n\u00eb organizimin e p\u00ebrpjekjeve p\u00ebr t\u00eb rind\u00ebrtuar Gaz\u00ebn dhe tha se krijimi i nj\u00eb shteti palestinez s\u00eb bashku me Izraelin \u00ebsht\u00eb \u201cp\u00ebrgjigja e vetme\u201d p\u00ebr konfliktin.<\/p>\n<p style=\"background: white; -webkit-tap-highlight-color: transparent !important; box-sizing: border-box; overflow-wrap: break-word; font-variant-ligatures: normal; font-variant-caps: normal; orphans: 2; widows: 2; -webkit-text-stroke-width: 0px; text-decoration-thickness: initial; text-decoration-style: initial; text-decoration-color: initial; word-spacing: 0px; margin: 0in 0in 19.5pt 0in;\">Biden gjithashtu tha n\u00eb nj\u00eb konferenc\u00eb p\u00ebr shtyp se ai u kishte th\u00ebn\u00eb izraelit\u00ebve t\u00eb ndalonin \u201cluftimet nd\u00ebrkomunale\u201d n\u00eb qytetin e ndezur t\u00eb Jeruzalemit.<\/p>\n<p style=\"background: white; -webkit-tap-highlight-color: transparent !important; box-sizing: border-box; overflow-wrap: break-word; font-variant-ligatures: normal; font-variant-caps: normal; orphans: 2; widows: 2; -webkit-text-stroke-width: 0px; text-decoration-thickness: initial; text-decoration-style: initial; text-decoration-color: initial; word-spacing: 0px; margin: 0in 0in 19.5pt 0in;\">Megjithat\u00eb Kreu i Sht\u00ebpis\u00eb s\u00eb Bardh\u00eb theksoi se \u201cnuk ka asnj\u00eb ndryshim n\u00eb angazhimin tim, p\u00ebrkushtimin ndaj siguris\u00eb s\u00eb Izraelit\u201d dhe shtoi se derisa rajoni pa m\u00ebdyshje t\u00eb pranoj\u00eb ekzistenc\u00ebn e Izraelit, nuk do t\u00eb ket\u00eb paqe.<\/p>\n<p style=\"background: white; -webkit-tap-highlight-color: transparent !important; box-sizing: border-box; overflow-wrap: break-word; font-variant-ligatures: normal; font-variant-caps: normal; orphans: 2; widows: 2; -webkit-text-stroke-width: 0px; text-decoration-thickness: initial; text-decoration-style: initial; text-decoration-color: initial; word-spacing: 0px; margin: 0in 0in 19.5pt 0in;\">\u201c<em>Nuk ka asnj\u00eb ndryshim n\u00eb angazhimin tim p\u00ebr sigurin\u00eb e Izraelit, asnj\u00eb ndryshim, aspak.Por un\u00eb ju them se ndryshimi \u00ebsht\u00eb q\u00eb ne ende kemi nevoj\u00eb p\u00ebr nj\u00eb zgjidhje mes dy shteteve\u201d<\/em>, u shpreh Biden.<\/p>","protected":false},"excerpt":{"rendered":"<p>Presidenti amerikan Joe Biden ka deklaruar se do t\u00eb ndihmoj\u00eb n\u00eb organizimin e p\u00ebrpjekjeve p\u00ebr t\u00eb rind\u00ebrtuar Gaz\u00ebn dhe tha se krijimi i nj\u00eb shteti palestinez s\u00eb bashku me Izraelin \u00ebsht\u00eb \u201cp\u00ebrgjigja e vetme\u201d p\u00ebr konfliktin. Biden gjithashtu tha n\u00eb nj\u00eb konferenc\u00eb p\u00ebr shtyp se ai u kishte th\u00ebn\u00eb izraelit\u00ebve t\u00eb ndalonin \u201cluftimet nd\u00ebrkomunale\u201d n\u00eb [&hellip;]<\/p>\n","protected":false},"author":2030,"featured_media":183949,"comment_status":"closed","ping_status":"closed","sticky":false,"template":"","format":"standard","meta":{"footnotes":""},"categories":[241,191],"tags":[],"class_list":{"0":"post-183948","1":"post","2":"type-post","3":"status-publish","4":"format-standard","5":"has-post-thumbnail","7":"category-aktualitet","8":"category-bota"},"_links":{"self":[{"href":"https:\/\/zjarr.tv\/en\/wp-json\/wp\/v2\/posts\/183948","targetHints":{"allow":["GET"]}}],"collection":[{"href":"https:\/\/zjarr.tv\/en\/wp-json\/wp\/v2\/posts"}],"about":[{"href":"https:\/\/zjarr.tv\/en\/wp-json\/wp\/v2\/types\/post"}],"author":[{"embeddable":true,"href":"https:\/\/zjarr.tv\/en\/wp-json\/wp\/v2\/users\/2030"}],"replies":[{"embeddable":true,"href":"https:\/\/zjarr.tv\/en\/wp-json\/wp\/v2\/comments?post=183948"}],"version-history":[{"count":0,"href":"https:\/\/zjarr.tv\/en\/wp-json\/wp\/v2\/posts\/183948\/revisions"}],"wp:featuredmedia":[{"embeddable":true,"href":"https:\/\/zjarr.tv\/en\/wp-json\/wp\/v2\/media\/183949"}],"wp:attachment":[{"href":"https:\/\/zjarr.tv\/en\/wp-json\/wp\/v2\/media?parent=183948"}],"wp:term":[{"taxonomy":"category","embeddable":true,"href":"https:\/\/zjarr.tv\/en\/wp-json\/wp\/v2\/categories?post=183948"},{"taxonomy":"post_tag","embeddable":true,"href":"https:\/\/zjarr.tv\/en\/wp-json\/wp\/v2\/tags?post=183948"}],"curies":[{"name":"wp","href":"https:\/\/api.w.org\/{rel}","templated":true}]}}