{"id":183952,"date":"2021-05-22T16:11:10","date_gmt":"2021-05-22T14:11:10","guid":{"rendered":"https:\/\/zjarr.tv\/?p=183952"},"modified":"2021-05-22T16:11:10","modified_gmt":"2021-05-22T14:11:10","slug":"shperdoruan-detyren-dhe-lejuan-ndertime-te-paligjshme-ne-himare-policia-arreston-kryeinspektorin-e-ikmt-dhe-vartesin-e-tij-ne-kerkim-dhe-dy-te-tjere","status":"publish","type":"post","link":"https:\/\/zjarr.tv\/en\/shperdoruan-detyren-dhe-lejuan-ndertime-te-paligjshme-ne-himare-policia-arreston-kryeinspektorin-e-ikmt-dhe-vartesin-e-tij-ne-kerkim-dhe-dy-te-tjere\/","title":{"rendered":"Shp\u00ebrdoruan detyr\u00ebn dhe lejuan nd\u00ebrtime t\u00eb paligjshme n\u00eb Himar\u00eb, Policia arreston kryeinspektorin e IKMT dhe vart\u00ebsin e tij, n\u00eb k\u00ebrkim dhe dy t\u00eb tjer\u00eb"},"content":{"rendered":"<p>Kryeinspektori i IKMT n\u00eb Himar\u00eb dhe nj\u00eb inspektor jan\u00eb arrestuar nga Policia pasi akuzohen p\u00ebr shp\u00ebrdorim detyre dhe lejim t\u00eb nd\u00ebrtimeve t\u00eb paligjshme n\u00eb territorin e k\u00ebsaj Bashkie. N\u00eb k\u00ebrkim jan\u00eb shpallur dhe dy inspektor t\u00eb tjer\u00eb t\u00eb IKMT.<\/p>\n<p><strong>Sipas Policis\u00eb, n\u00eb pranga kan\u00eb r\u00ebn\u00eb:<\/strong><br \/>\n\u2013 R. H., 35 vje\u00e7, banues n\u00eb Himar\u00eb, me detyr\u00eb kryeinspektor pran\u00eb Inspektoratit t\u00eb Mbrojtjes s\u00eb Territorit t\u00eb Bashkis\u00eb Himar\u00eb;<br \/>\n\u2013 E. Z., 30 vje\u00e7, banues n\u00eb Himar\u00eb, me detyr\u00eb inspektor pran\u00eb Inspektoratit t\u00eb Mbrojtjes s\u00eb Territorit t\u00eb Bashkis\u00eb Himar\u00eb.<\/p>\n<p><strong>Si dhe u b\u00eb shpallja n\u00eb k\u00ebrkim e shtetasve:<\/strong><strong><br \/>\n<\/strong>\u2013 M. N., 36 vje\u00e7 banues n\u00eb Sarand\u00eb dhe Dh. B., 53 vje\u00e7, banues n\u00eb Himar\u00eb, t\u00eb dy me detyr\u00eb inspektor pran\u00eb Inspektoratit t\u00eb Mbrojtjes s\u00eb Territorit t\u00eb Bashkis\u00eb Himar\u00eb.<\/p>\n<p>Prokuroria e Rrethit Gjyq\u00ebsor Vlor\u00eb ka urdh\u00ebruar ndalimin e k\u00ebtyre shtetasve, n\u00eb baz\u00eb t\u00eb vendimeve t\u00eb Gjykat\u00ebs, pasi nga hetimet e kryera ka rezultuar se n\u00eb bashk\u00ebpunim me nj\u00ebri-tjetrin kan\u00eb shp\u00ebrdoruar detyr\u00ebn, duke lejuar nd\u00ebrtimin e paligjsh\u00ebm t\u00eb disa objekteve n\u00eb territorin e Bashkis\u00eb Himar\u00eb.<\/p>\n<p>Materialet n\u00eb ngarkim t\u00eb tyre i kaluan Prokuroris\u00eb pran\u00eb Gjykat\u00ebs s\u00eb Shkall\u00ebs s\u00eb Par\u00eb Vlor\u00eb, p\u00ebr vepr\u00ebn penale \u201cShp\u00ebrdorimi i detyr\u00ebs\u201d<\/p>","protected":false},"excerpt":{"rendered":"<p>Kryeinspektori i IKMT n\u00eb Himar\u00eb dhe nj\u00eb inspektor jan\u00eb arrestuar nga Policia pasi akuzohen p\u00ebr shp\u00ebrdorim detyre dhe lejim t\u00eb nd\u00ebrtimeve t\u00eb paligjshme n\u00eb territorin e k\u00ebsaj Bashkie. N\u00eb k\u00ebrkim jan\u00eb shpallur dhe dy inspektor t\u00eb tjer\u00eb t\u00eb IKMT. Sipas Policis\u00eb, n\u00eb pranga kan\u00eb r\u00ebn\u00eb: \u2013 R. H., 35 vje\u00e7, banues n\u00eb Himar\u00eb, me detyr\u00eb [&hellip;]<\/p>\n","protected":false},"author":2030,"featured_media":183953,"comment_status":"closed","ping_status":"closed","sticky":false,"template":"","format":"standard","meta":{"footnotes":""},"categories":[241],"tags":[],"class_list":{"0":"post-183952","1":"post","2":"type-post","3":"status-publish","4":"format-standard","5":"has-post-thumbnail","7":"category-aktualitet"},"_links":{"self":[{"href":"https:\/\/zjarr.tv\/en\/wp-json\/wp\/v2\/posts\/183952","targetHints":{"allow":["GET"]}}],"collection":[{"href":"https:\/\/zjarr.tv\/en\/wp-json\/wp\/v2\/posts"}],"about":[{"href":"https:\/\/zjarr.tv\/en\/wp-json\/wp\/v2\/types\/post"}],"author":[{"embeddable":true,"href":"https:\/\/zjarr.tv\/en\/wp-json\/wp\/v2\/users\/2030"}],"replies":[{"embeddable":true,"href":"https:\/\/zjarr.tv\/en\/wp-json\/wp\/v2\/comments?post=183952"}],"version-history":[{"count":0,"href":"https:\/\/zjarr.tv\/en\/wp-json\/wp\/v2\/posts\/183952\/revisions"}],"wp:featuredmedia":[{"embeddable":true,"href":"https:\/\/zjarr.tv\/en\/wp-json\/wp\/v2\/media\/183953"}],"wp:attachment":[{"href":"https:\/\/zjarr.tv\/en\/wp-json\/wp\/v2\/media?parent=183952"}],"wp:term":[{"taxonomy":"category","embeddable":true,"href":"https:\/\/zjarr.tv\/en\/wp-json\/wp\/v2\/categories?post=183952"},{"taxonomy":"post_tag","embeddable":true,"href":"https:\/\/zjarr.tv\/en\/wp-json\/wp\/v2\/tags?post=183952"}],"curies":[{"name":"wp","href":"https:\/\/api.w.org\/{rel}","templated":true}]}}