{"id":183968,"date":"2021-05-22T16:34:24","date_gmt":"2021-05-22T14:34:24","guid":{"rendered":"https:\/\/zjarr.tv\/?p=183968"},"modified":"2021-05-22T16:34:24","modified_gmt":"2021-05-22T14:34:24","slug":"plagosi-2-qytetare-gjate-nje-konflikti-arrestohet-36-vjecari-ne-shkoder","status":"publish","type":"post","link":"https:\/\/zjarr.tv\/en\/plagosi-2-qytetare-gjate-nje-konflikti-arrestohet-36-vjecari-ne-shkoder\/","title":{"rendered":"Plagosi 2 qytetar\u00eb gjat\u00eb nj\u00eb konflikti, arrestohet 36-vje\u00e7ari n\u00eb Shkod\u00ebr."},"content":{"rendered":"<p>Nj\u00eb 36-vje\u00e7ar, i shpallur n\u00eb k\u00ebrkim p\u00ebr tentativ\u00eb vrasjeje \u00ebsht\u00eb arrestuar sot n\u00eb Shkod\u00ebr.<\/p>\n<p><strong>Njoftimi i policis\u00eb:<\/strong><\/p>\n<p>N\u00eb vijim t\u00eb pun\u00ebs p\u00ebr kapjen e personave t\u00eb shpallur n\u00eb k\u00ebrkim, bazuar edhe n\u00eb informacionet e marra n\u00eb rrug\u00eb operative p\u00ebr vendndodhjen e nj\u00eb personi me rrezikshm\u00ebri shoq\u00ebrore n\u00eb fush\u00ebn e krimeve ndaj personit, Forcat e Posa\u00e7me \u201cShqiponja\u201d kan\u00eb organizuar dhe finalizuar operacionin policor t\u00eb koduar \u201cSk\u00ebnderbeg\u201d, n\u00eb kuad\u00ebr t\u00eb t\u00eb cilit u kap dhe u vu n\u00eb pranga shtetasi E. D. 36 vje\u00e7, banues n\u00eb lagjen \u201cSk\u00ebnderbeg\u201d.<\/p>\n<p>36-vje\u00e7ari ishte person i shpallur n\u00eb k\u00ebrkim, pasi Gjykata e Rrethit Gjyq\u00ebsor Shkod\u00ebr i ka caktuar mas\u00ebn e siguris\u00eb \u201cArrest n\u00eb burg\u201d, p\u00ebr veprat penale \u201cVrasja n\u00eb rrethana t\u00eb tjera cil\u00ebsuese\u201d, mbetur n\u00eb tentativ\u00eb dhe \u201cArm\u00ebmbajtja pa leje\u201d.<\/p>\n<p>Ky shtetas, m\u00eb dat\u00eb 25.08.2020, gjat\u00eb nj\u00eb konflikti t\u00eb \u00e7astit, ka q\u00eblluar me arm\u00eb zjarri duke i plagosur n\u00eb k\u00ebmb\u00eb, shtetasit E. Gj. 24 vje\u00e7, banues n\u00eb fshatin Bradhaj, Shkod\u00ebr, dhe N.P. 24 vje\u00e7, banues n\u00eb lagjen \u201cMark Lula\u201d, Shkod\u00ebr, t\u00eb cilit pas mjekimit t\u00eb marr\u00eb n\u00eb spital jan\u00eb larguar p\u00ebr n\u00eb banes\u00eb.<br \/>\nMaterialet shtes\u00eb n\u00eb ngarkim t\u00eb k\u00ebtij shtetasi i kaluan Prokuroris\u00eb s\u00eb Rrethit Gjyq\u00ebsor Shkod\u00ebr.<\/p>","protected":false},"excerpt":{"rendered":"<p>Nj\u00eb 36-vje\u00e7ar, i shpallur n\u00eb k\u00ebrkim p\u00ebr tentativ\u00eb vrasjeje \u00ebsht\u00eb arrestuar sot n\u00eb Shkod\u00ebr. Njoftimi i policis\u00eb: N\u00eb vijim t\u00eb pun\u00ebs p\u00ebr kapjen e personave t\u00eb shpallur n\u00eb k\u00ebrkim, bazuar edhe n\u00eb informacionet e marra n\u00eb rrug\u00eb operative p\u00ebr vendndodhjen e nj\u00eb personi me rrezikshm\u00ebri shoq\u00ebrore n\u00eb fush\u00ebn e krimeve ndaj personit, Forcat e Posa\u00e7me [&hellip;]<\/p>\n","protected":false},"author":2030,"featured_media":183970,"comment_status":"closed","ping_status":"closed","sticky":false,"template":"","format":"standard","meta":{"footnotes":""},"categories":[241],"tags":[],"class_list":{"0":"post-183968","1":"post","2":"type-post","3":"status-publish","4":"format-standard","5":"has-post-thumbnail","7":"category-aktualitet"},"_links":{"self":[{"href":"https:\/\/zjarr.tv\/en\/wp-json\/wp\/v2\/posts\/183968","targetHints":{"allow":["GET"]}}],"collection":[{"href":"https:\/\/zjarr.tv\/en\/wp-json\/wp\/v2\/posts"}],"about":[{"href":"https:\/\/zjarr.tv\/en\/wp-json\/wp\/v2\/types\/post"}],"author":[{"embeddable":true,"href":"https:\/\/zjarr.tv\/en\/wp-json\/wp\/v2\/users\/2030"}],"replies":[{"embeddable":true,"href":"https:\/\/zjarr.tv\/en\/wp-json\/wp\/v2\/comments?post=183968"}],"version-history":[{"count":0,"href":"https:\/\/zjarr.tv\/en\/wp-json\/wp\/v2\/posts\/183968\/revisions"}],"wp:featuredmedia":[{"embeddable":true,"href":"https:\/\/zjarr.tv\/en\/wp-json\/wp\/v2\/media\/183970"}],"wp:attachment":[{"href":"https:\/\/zjarr.tv\/en\/wp-json\/wp\/v2\/media?parent=183968"}],"wp:term":[{"taxonomy":"category","embeddable":true,"href":"https:\/\/zjarr.tv\/en\/wp-json\/wp\/v2\/categories?post=183968"},{"taxonomy":"post_tag","embeddable":true,"href":"https:\/\/zjarr.tv\/en\/wp-json\/wp\/v2\/tags?post=183968"}],"curies":[{"name":"wp","href":"https:\/\/api.w.org\/{rel}","templated":true}]}}