{"id":183978,"date":"2021-05-22T16:44:39","date_gmt":"2021-05-22T14:44:39","guid":{"rendered":"https:\/\/zjarr.tv\/?p=183978"},"modified":"2021-05-22T16:44:39","modified_gmt":"2021-05-22T14:44:39","slug":"berisha-pas-non-gratas-time-qendron-rama-dhe-xhorxh-soros","status":"publish","type":"post","link":"https:\/\/zjarr.tv\/en\/berisha-pas-non-gratas-time-qendron-rama-dhe-xhorxh-soros\/","title":{"rendered":"Berisha: Pas \u201cnon-gratas\u201d time qendron Rama dhe Xhorxh Soros"},"content":{"rendered":"<p>Ish-kryeministri Berisha n\u00eb nj\u00eb intervist\u00eb t\u00eb dh\u00ebn\u00eb p\u00ebr Tv Klan, p\u00ebr gazetaren Jolldiz Mitro, pas ndalimit t\u00eb lejes p\u00ebr t\u00eb udh\u00ebtuar drejt SHBA, nga Departamenti Amerikan i Shtetit, ka komentuar edhe deklarat\u00ebn e z\u00ebdh\u00ebn\u00ebsit t\u00eb DASH q\u00eb hidhte drit\u00eb dit\u00ebn e djeshme se kush jan\u00eb autor\u00ebt e vendosjes s\u00eb familjes Berisha n\u00eb list\u00ebn e t\u00eb pad\u00ebshiruarve n\u00eb Amerik\u00eb.<\/p>\n<p><strong>Z. Berisha \u00e7far\u00eb komenti keni p\u00ebr deklarat\u00ebn e b\u00ebr\u00eb nga nj\u00eb z\u00ebdh\u00ebn\u00ebs i DASH p\u00ebr mediat shqiptare, ku rreshtohen disa nga burimet e informacionit q\u00eb DASH ka marr\u00eb parasysh n\u00eb vendim-marrjen p\u00ebr shpalljen tuaj Non Grata n\u00eb ShBA?\u00a0\u00a0<\/strong><\/p>\n<p>Skenar politik me lobim nga Rama e Sorros dhe p\u00ebr k\u00ebt\u00eb kisha bindjen absolute fatmir\u00ebsisht deklarat\u00ebn e zedh\u00ebn\u00ebsit t\u00eb DASH dje ndri\u00e7oi burimin nga jan\u00eb marr\u00eb t\u00eb dh\u00ebnat dhe burimet ishin enxhiot\u00eb lokale e rajonale, parat\u00eb e Sorosit ndaj Berish\u00ebs. Ishin mediat e sponzoriazuara ndaj Soros dhe Rama direkt hetimi antikorrupsion. Pra n\u00eb k\u00ebt\u00eb deklarat\u00eb Rama del qart\u00ebsisht si person i p\u00ebrfshir\u00eb por n\u00eb ato q\u00eb thuhet n\u00ebnkuptohet multimiliarderi Sorros p\u00ebr t\u00eb cilin une kam shprehur mendimet e mia si n\u00eb parlamente dhe media e takime nd\u00ebrkomb\u00ebtare dhe atyre su heq asnj\u00eb presje.<\/p>\n<p>Dit\u00ebt n\u00eb vazhdim do informoj shqiptar\u00ebt se cilat kan\u00eb qen\u00eb p\u00ebrpjekjet e Berish\u00ebs kund\u00ebr Xhorxh Sorosit, por mu duk se deklarata ndikoi nj\u00eb aspekt shum\u00eb t\u00eb r\u00ebnd\u00ebsish\u00ebm.<\/p>\n<p><strong>A mendoni q\u00eb DASH, mund t\u00eb ket\u00eb edhe burime apo informacione t\u00eb tjera ndoshta m\u00eb t\u00eb klasifikuara, q\u00eb e detyroi at\u00eb t\u00eb marre k\u00ebt\u00eb vendim radikal ndaj jush dhe familjes tuaj, q\u00eb mund t\u00eb dalin m\u00eb pas n\u00eb drit\u00eb??\u00a0\u00a0\u00a0\u00a0\u00a0<\/strong><\/p>\n<p>Nqs kane informacione t\u00eb tjera p\u00ebr privat\u00ebsin\u00eb e Berish\u00ebs e ftoj Blinken t\u00eb publikoj\u00eb \u00e7do gj\u00eb pa asnj\u00eb lloj hezitimi nd\u00ebrkoh\u00eb un\u00eb kam kontraktuar avokatin dhe e kam autorizuar p\u00ebr shpifje n\u00eb gjykat\u00ebn e Parisit. Padia ime nuk atakon vendimin e Blinkenit p\u00ebr viz\u00ebn ajo \u00ebsht\u00eb e drejt\u00eb ekskluzive e tij dhe jo e Berish\u00ebs. Un\u00eb kam paditur p\u00ebr shpifje q\u00eb ka l\u00ebnduar thell\u00eb dinjitetin tim njer\u00ebzor.<\/p>\n<p><strong>\u00c7far\u00eb po ndodh me padin\u00eb tuaj ndaj Sekretarit t\u00eb Shtetit z.Blinken? Ne \u00e7far\u00eb faze \u00ebsht\u00eb?<\/strong><\/p>\n<p>Avokatin q\u00eb po merret me t\u00eb po e p\u00ebrgatit p\u00ebr ta \u00e7uar n\u00eb gjykat\u00eb ka marre kontakte apo jo se di.<\/p>\n<p>Gjykata n\u00ebse e merr apo jo e vendos gjykat\u00ebsi por avokati im gjykon se ekziston e gjith\u00eb baza p\u00ebr ta marr\u00eb n\u00eb shqyrtim. Pol \u00cbiliams thonte dje q\u00eb Blinken ka imunit\u00ebt por ka nj\u00eb ligj q\u00eb perjashton shpifjen nga imuniteti. Dhe shpifja paditet kudo qe ajo shfaqet dhe n\u00eb vler\u00ebsimin e avokatit gjykata ka autoritet t\u00eb plot\u00eb p\u00ebr ta b\u00ebr\u00eb.<\/p>\n<p>Do jem i hapur p\u00ebr \u00e7do lloj hetimi dhe cilido qoft\u00eb vendimi i gjykat\u00ebs un\u00eb do vazhdoj n\u00eb rruge juridike dhe jo politike. Mund ti p\u00ebrgjigjesha me rrug\u00eb politike dhe kam miq q\u00eb do m\u00eb ndihmonin por kam vendos t\u00eb ndjek rrug\u00ebn juridike p\u00ebr vendosjen e autoritetit tim.<\/p>\n<p><img loading=\"lazy\" decoding=\"async\" class=\"alignnone size-medium wp-image-183980\" src=\"https:\/\/zjarr.tv\/wp-content\/uploads\/2021\/05\/Untitled-design-2021-05-22T164413.272-300x251.jpg\" alt=\"\" width=\"300\" height=\"251\" srcset=\"https:\/\/zjarr.tv\/wp-content\/uploads\/2021\/05\/Untitled-design-2021-05-22T164413.272-300x251.jpg 300w, https:\/\/zjarr.tv\/wp-content\/uploads\/2021\/05\/Untitled-design-2021-05-22T164413.272-768x644.jpg 768w, https:\/\/zjarr.tv\/wp-content\/uploads\/2021\/05\/Untitled-design-2021-05-22T164413.272-696x583.jpg 696w, https:\/\/zjarr.tv\/wp-content\/uploads\/2021\/05\/Untitled-design-2021-05-22T164413.272-501x420.jpg 501w, https:\/\/zjarr.tv\/wp-content\/uploads\/2021\/05\/Untitled-design-2021-05-22T164413.272.jpg 940w\" sizes=\"auto, (max-width: 300px) 100vw, 300px\" \/><\/p>","protected":false},"excerpt":{"rendered":"<p>Ish-kryeministri Berisha n\u00eb nj\u00eb intervist\u00eb t\u00eb dh\u00ebn\u00eb p\u00ebr Tv Klan, p\u00ebr gazetaren Jolldiz Mitro, pas ndalimit t\u00eb lejes p\u00ebr t\u00eb udh\u00ebtuar drejt SHBA, nga Departamenti Amerikan i Shtetit, ka komentuar edhe deklarat\u00ebn e z\u00ebdh\u00ebn\u00ebsit t\u00eb DASH q\u00eb hidhte drit\u00eb dit\u00ebn e djeshme se kush jan\u00eb autor\u00ebt e vendosjes s\u00eb familjes Berisha n\u00eb list\u00ebn e t\u00eb [&hellip;]<\/p>\n","protected":false},"author":2030,"featured_media":183979,"comment_status":"closed","ping_status":"closed","sticky":false,"template":"","format":"standard","meta":{"footnotes":""},"categories":[241,1454],"tags":[],"class_list":{"0":"post-183978","1":"post","2":"type-post","3":"status-publish","4":"format-standard","5":"has-post-thumbnail","7":"category-aktualitet","8":"category-politike"},"_links":{"self":[{"href":"https:\/\/zjarr.tv\/en\/wp-json\/wp\/v2\/posts\/183978","targetHints":{"allow":["GET"]}}],"collection":[{"href":"https:\/\/zjarr.tv\/en\/wp-json\/wp\/v2\/posts"}],"about":[{"href":"https:\/\/zjarr.tv\/en\/wp-json\/wp\/v2\/types\/post"}],"author":[{"embeddable":true,"href":"https:\/\/zjarr.tv\/en\/wp-json\/wp\/v2\/users\/2030"}],"replies":[{"embeddable":true,"href":"https:\/\/zjarr.tv\/en\/wp-json\/wp\/v2\/comments?post=183978"}],"version-history":[{"count":0,"href":"https:\/\/zjarr.tv\/en\/wp-json\/wp\/v2\/posts\/183978\/revisions"}],"wp:featuredmedia":[{"embeddable":true,"href":"https:\/\/zjarr.tv\/en\/wp-json\/wp\/v2\/media\/183979"}],"wp:attachment":[{"href":"https:\/\/zjarr.tv\/en\/wp-json\/wp\/v2\/media?parent=183978"}],"wp:term":[{"taxonomy":"category","embeddable":true,"href":"https:\/\/zjarr.tv\/en\/wp-json\/wp\/v2\/categories?post=183978"},{"taxonomy":"post_tag","embeddable":true,"href":"https:\/\/zjarr.tv\/en\/wp-json\/wp\/v2\/tags?post=183978"}],"curies":[{"name":"wp","href":"https:\/\/api.w.org\/{rel}","templated":true}]}}