{"id":184006,"date":"2021-05-22T17:44:30","date_gmt":"2021-05-22T15:44:30","guid":{"rendered":"https:\/\/zjarr.tv\/?p=184006"},"modified":"2021-05-22T17:44:30","modified_gmt":"2021-05-22T15:44:30","slug":"zvicer-hapet-nje-tjeter-shkolle-shqipe-ne-rorschacherberg","status":"publish","type":"post","link":"https:\/\/zjarr.tv\/en\/zvicer-hapet-nje-tjeter-shkolle-shqipe-ne-rorschacherberg\/","title":{"rendered":"Zvic\u00ebr\/ Hapet nj\u00eb tjet\u00ebr shkoll\u00eb shqipe n\u00eb Rorschacherberg"},"content":{"rendered":"<p>Nj\u00eb tjet\u00ebr shkoll\u00eb e gjuh\u00ebs shqipe ka hapur dyert n\u00eb Zvic\u00ebr.<\/p>\n<p>Sot filluan m\u00ebsimet n\u00eb gjuh\u00ebn shqipe, n\u00eb Shkoll\u00ebn Shqipe n\u00eb Rorschacherberg, t\u00eb Kantonin\u00a0 e St. Gallen-it. Kjo\u00a0 \u00ebsht\u00eb shkolla shqipe e 50-t\u00eb me radh\u00eb, q\u00eb \u00ebsht\u00eb hapur koh\u00ebve t\u00eb fundit.<\/p>\n<p>Nx\u00ebn\u00ebsit e shkoll\u00ebs shqipe n\u00eb Rorschacherberg t\u00eb Kantonit t\u00eb St. Gallenit n\u00eb Zvic\u00ebr: Aldini, Meridiani,\u00a0 Rigoni, Rajana, Fjolla, Emine, Nafije, Korabi, Joni, Engjellushja, ftojne bashk\u00ebmoshatar\u00ebt e\u00a0 tyre t`iu bashk\u00ebngjiten n\u00eb or\u00ebt m\u00ebsimore.<\/p>\n<p>N\u00eb k\u00ebt\u00eb pik\u00eb shkollore m\u00ebsimin e zhvillon m\u00ebsuesja Artiola Morina.<\/p>\n<p>Nj\u00eb ndihmes\u00eb t\u00eb madhe n\u00eb k\u00ebt\u00eb p\u00ebrpjekje ka dh\u00ebn\u00eb edhe Drejtoria e shkoll\u00ebs zvicerane, prind\u00ebrit dhe koordinatori i Shkoll\u00ebs Shqipe n\u00eb Zvic\u00ebr\u00a0 Dr. Vaxhid Sejdiu.<\/p>\n<p>M\u00ebsimi zhvillohet \u00e7do t\u00eb m\u00ebrkure n\u00eb shkoll\u00ebn fillore nga ora 16:00-18:00.<\/p>","protected":false},"excerpt":{"rendered":"<p>Nj\u00eb tjet\u00ebr shkoll\u00eb e gjuh\u00ebs shqipe ka hapur dyert n\u00eb Zvic\u00ebr. Sot filluan m\u00ebsimet n\u00eb gjuh\u00ebn shqipe, n\u00eb Shkoll\u00ebn Shqipe n\u00eb Rorschacherberg, t\u00eb Kantonin\u00a0 e St. Gallen-it. Kjo\u00a0 \u00ebsht\u00eb shkolla shqipe e 50-t\u00eb me radh\u00eb, q\u00eb \u00ebsht\u00eb hapur koh\u00ebve t\u00eb fundit. Nx\u00ebn\u00ebsit e shkoll\u00ebs shqipe n\u00eb Rorschacherberg t\u00eb Kantonit t\u00eb St. Gallenit n\u00eb Zvic\u00ebr: Aldini, [&hellip;]<\/p>\n","protected":false},"author":2031,"featured_media":184007,"comment_status":"closed","ping_status":"closed","sticky":false,"template":"","format":"standard","meta":{"footnotes":""},"categories":[231],"tags":[312,458,3236],"class_list":{"0":"post-184006","1":"post","2":"type-post","3":"status-publish","4":"format-standard","5":"has-post-thumbnail","7":"category-lajme","8":"tag-lajme","9":"tag-zjarrtv","10":"tag-zvicer"},"_links":{"self":[{"href":"https:\/\/zjarr.tv\/en\/wp-json\/wp\/v2\/posts\/184006","targetHints":{"allow":["GET"]}}],"collection":[{"href":"https:\/\/zjarr.tv\/en\/wp-json\/wp\/v2\/posts"}],"about":[{"href":"https:\/\/zjarr.tv\/en\/wp-json\/wp\/v2\/types\/post"}],"author":[{"embeddable":true,"href":"https:\/\/zjarr.tv\/en\/wp-json\/wp\/v2\/users\/2031"}],"replies":[{"embeddable":true,"href":"https:\/\/zjarr.tv\/en\/wp-json\/wp\/v2\/comments?post=184006"}],"version-history":[{"count":0,"href":"https:\/\/zjarr.tv\/en\/wp-json\/wp\/v2\/posts\/184006\/revisions"}],"wp:featuredmedia":[{"embeddable":true,"href":"https:\/\/zjarr.tv\/en\/wp-json\/wp\/v2\/media\/184007"}],"wp:attachment":[{"href":"https:\/\/zjarr.tv\/en\/wp-json\/wp\/v2\/media?parent=184006"}],"wp:term":[{"taxonomy":"category","embeddable":true,"href":"https:\/\/zjarr.tv\/en\/wp-json\/wp\/v2\/categories?post=184006"},{"taxonomy":"post_tag","embeddable":true,"href":"https:\/\/zjarr.tv\/en\/wp-json\/wp\/v2\/tags?post=184006"}],"curies":[{"name":"wp","href":"https:\/\/api.w.org\/{rel}","templated":true}]}}