{"id":184024,"date":"2021-05-22T18:32:49","date_gmt":"2021-05-22T16:32:49","guid":{"rendered":"https:\/\/zjarr.tv\/?p=184024"},"modified":"2021-05-22T18:32:49","modified_gmt":"2021-05-22T16:32:49","slug":"a-do-te-hiqet-ora-policore-tani-qe-rastet-jane-ulur-pergjigjet-ministrja-manastirliu","status":"publish","type":"post","link":"https:\/\/zjarr.tv\/en\/a-do-te-hiqet-ora-policore-tani-qe-rastet-jane-ulur-pergjigjet-ministrja-manastirliu\/","title":{"rendered":"A do t\u00eb hiqet ora policore tani q\u00eb rastet jan\u00eb ulur? P\u00ebrgjigjet Ministrja Manastirliu"},"content":{"rendered":"<p>Ministrja e Sh\u00ebndet\u00ebsis\u00eb, Ogerta Manastirliu, ka folur dit\u00ebn e sotme p\u00ebr situat\u00ebn e pandemis\u00eb n\u00eb vendin ton\u00eb.<\/p>\n<p>E pyetur n\u00eb emisionin \u201cKjo Jav\u00eb\u201d n\u00ebse do t\u00eb hiqet ora policore, Manastirliu tha se duhet t\u2019i besojm\u00eb Komitetit t\u00eb Ekspert\u00ebve q\u00eb merr vendimet, nd\u00ebrsa shtoi se mund t\u00eb kemi leht\u00ebsim t\u00eb masave n\u00ebse situata vijon t\u00eb mbetet e till\u00eb.<\/p>\n<p>Kur ne kemi arritur shif\u00ebr p\u00ebr 700 mij\u00eb t\u00eb vaksinuarish, p\u00ebrse vijon t\u00eb q\u00ebndroj\u00eb ende ora policore, n\u00eb 22:00 dhe t\u00eb mbahet masat. Do t\u00eb hiqet ora policore?<\/p>\n<p>Ogerta Manastirliu: Fakti q\u00eb jemi n\u00eb k\u00ebt\u00eb situat\u00eb i referohet masave t\u00eb targetuara q\u00eb kemi marr\u00eb k\u00ebsaj kohe. Shqip\u00ebria \u00ebsht\u00eb nj\u00eb vend, i cili, edhe sot q\u00eb flasim por gjat\u00eb gjith\u00eb k\u00ebsaj periudhe, \u00ebsht\u00eb nj\u00eb vend q\u00eb s\u2019ka pasur mbyllje totale. Ka pasur masa t\u00eb intensitetit mesatar. Kjo ka sjell\u00eb q\u00eb t\u00eb kemi efekt t\u00eb k\u00ebtyre masave.<\/p>\n<p>Duhet th\u00ebn\u00eb q\u00eb jemi n\u00eb nj\u00eb moment ku kemi numrin m\u00eb t\u00eb ulur ndonj\u00ebher\u00eb t\u00eb rasteve aktive, gjat\u00eb k\u00ebtyre muajve. Kjo s\u2019do t\u00eb thot\u00eb q\u00eb ne t\u00eb \u00e7lirohemi nj\u00ebher\u00eb e p\u00ebrgjithmon\u00eb. Virusi \u00ebsht\u00eb ende k\u00ebtu, duhet t\u00eb tregojm\u00eb kujdes.<\/p>\n<p>Masat, si\u00e7 jan\u00eb ora policore, mbyllja e breve, restoranteve dhe klubeve t\u00eb nat\u00ebs, kjo ka sjell\u00eb nj\u00eb ulje t\u00eb rasteve t\u00eb infektimeve. Edhe mbajtja e maskave, mbajtja e distanc\u00ebs, vijojn\u00eb t\u00eb jen\u00eb mjetet dhe arm\u00ebt me kosto t\u00eb ul\u00ebt q\u00eb vijojn\u00eb t\u00eb jen\u00eb thelb\u00ebsore p\u00ebr kufizimin e virusit.<\/p>\n<p>&nbsp;<\/p>","protected":false},"excerpt":{"rendered":"<p>Ministrja e Sh\u00ebndet\u00ebsis\u00eb, Ogerta Manastirliu, ka folur dit\u00ebn e sotme p\u00ebr situat\u00ebn e pandemis\u00eb n\u00eb vendin ton\u00eb. E pyetur n\u00eb emisionin \u201cKjo Jav\u00eb\u201d n\u00ebse do t\u00eb hiqet ora policore, Manastirliu tha se duhet t\u2019i besojm\u00eb Komitetit t\u00eb Ekspert\u00ebve q\u00eb merr vendimet, nd\u00ebrsa shtoi se mund t\u00eb kemi leht\u00ebsim t\u00eb masave n\u00ebse situata vijon t\u00eb mbetet [&hellip;]<\/p>\n","protected":false},"author":2031,"featured_media":145726,"comment_status":"closed","ping_status":"closed","sticky":false,"template":"","format":"standard","meta":{"footnotes":""},"categories":[231],"tags":[312,2227,458],"class_list":{"0":"post-184024","1":"post","2":"type-post","3":"status-publish","4":"format-standard","5":"has-post-thumbnail","7":"category-lajme","8":"tag-lajme","9":"tag-manastirliu","10":"tag-zjarrtv"},"_links":{"self":[{"href":"https:\/\/zjarr.tv\/en\/wp-json\/wp\/v2\/posts\/184024","targetHints":{"allow":["GET"]}}],"collection":[{"href":"https:\/\/zjarr.tv\/en\/wp-json\/wp\/v2\/posts"}],"about":[{"href":"https:\/\/zjarr.tv\/en\/wp-json\/wp\/v2\/types\/post"}],"author":[{"embeddable":true,"href":"https:\/\/zjarr.tv\/en\/wp-json\/wp\/v2\/users\/2031"}],"replies":[{"embeddable":true,"href":"https:\/\/zjarr.tv\/en\/wp-json\/wp\/v2\/comments?post=184024"}],"version-history":[{"count":0,"href":"https:\/\/zjarr.tv\/en\/wp-json\/wp\/v2\/posts\/184024\/revisions"}],"wp:featuredmedia":[{"embeddable":true,"href":"https:\/\/zjarr.tv\/en\/wp-json\/wp\/v2\/media\/145726"}],"wp:attachment":[{"href":"https:\/\/zjarr.tv\/en\/wp-json\/wp\/v2\/media?parent=184024"}],"wp:term":[{"taxonomy":"category","embeddable":true,"href":"https:\/\/zjarr.tv\/en\/wp-json\/wp\/v2\/categories?post=184024"},{"taxonomy":"post_tag","embeddable":true,"href":"https:\/\/zjarr.tv\/en\/wp-json\/wp\/v2\/tags?post=184024"}],"curies":[{"name":"wp","href":"https:\/\/api.w.org\/{rel}","templated":true}]}}