{"id":184041,"date":"2021-05-23T07:43:34","date_gmt":"2021-05-23T05:43:34","guid":{"rendered":"https:\/\/zjarr.tv\/?p=184041"},"modified":"2021-05-23T07:43:34","modified_gmt":"2021-05-23T05:43:34","slug":"pjese-e-defender-21-ambasadorja-kim-vlereson-ushtarin-nga-mirdita-sander-gjoka","status":"publish","type":"post","link":"https:\/\/zjarr.tv\/en\/pjese-e-defender-21-ambasadorja-kim-vlereson-ushtarin-nga-mirdita-sander-gjoka\/","title":{"rendered":"Pjes\u00eb e \u201cDefender 21\u201d, ambasadorja Kim vler\u00ebson ushtarin nga Mirdita, Sand\u00ebr Gjoka"},"content":{"rendered":"<p>Sand\u00ebr Gjoka, i cili merr pjes\u00eb n\u00eb st\u00ebrvitjen \u201cDefender Europe 21\u201d, \u00ebsht\u00eb vler\u00ebsuar nga ambasadorja e SHBA-s\u00eb n\u00eb Tiran\u00eb, Yuri Kim p\u00ebr suksesin e tij n\u00eb Biz\u00eb t\u00eb Martaneshit.<\/p>\n<p>Lajmin e b\u00ebn me dije gazetari Gjergj Marku, i cili n\u00eb rrjetet e tij sociale ka postuar nj\u00eb foto ku shihet ambasadorja Kim me ushtarin Sand\u00ebr Gjoka.<\/p>\n<p>Sand\u00ebr Gjoka, \u00ebsht\u00eb nga Fani i Mirdit\u00ebs, me mbi 20 vite karrier\u00eb n\u00eb ushtri. Ai ka kaluar disa misione t\u00eb v\u00ebshtira; 3 n\u00eb Bosnj\u00eb, 2 t\u00eb tjera n\u00eb Afganistan me nga 6 muaj.<\/p>\n<p>Ambasadorja Kim ka ndjekur nga af\u00ebr st\u00ebrvitjen e madhe q\u00eb po b\u00ebhet n\u00eb Biz\u00eb, teksa ka qen\u00eb edhe aktive n\u00eb rrjetet sociale duke ndar\u00eb foto nga st\u00ebrvitja.<\/p>\n<p>N\u00eb st\u00ebrvitjen \u201cDefender 2021\u201d marrin pjes\u00eb m\u00eb shum\u00eb se 26 kombe dhe 28 mij\u00eb trupa shum\u00ebkomb\u00ebshe q\u00eb do t\u00eb kryejn\u00eb aktivitete pothuajse n\u00eb t\u00eb nj\u00ebjt\u00ebn koh\u00eb n\u00eb m\u00eb shum\u00eb se 30 zona trajnimi, t\u00eb shtrira n\u00eb 12 vende.<\/p>\n<p>Postimi i plot\u00eb u Markut:<\/p>\n<p>Vleresimi:<\/p>\n<p>Ambasadorja amerikane vlereson dhe ushtarakun mirditas ne Bize te Martaneshit!\u2026<\/p>\n<p>(Ambasadorja Yuri Kim, teksa ka ndjekur\u00a0 nga afer stervitjen e madhe qe po zhvillohet ne Bize te Martaneshit, ka vleresuar 3 ushtarake shqiptare, ne mes rreth 1000 trupave shqiptare duke evidentuar dhe ushtarakun e talentuar mirditas Sander Gjoka,<\/p>\n<p>N\u00eb baz\u00ebn ushtarake t\u00eb Biz\u00ebs n\u00eb Martanesh, jan\u00eb dislokuar nj\u00eb pjes\u00eb e mir\u00eb e ushtris\u00eb amerikane dhe vendeve t\u00eb tjera t\u00eb NATO-s n\u00eb kuad\u00ebr t\u00eb k\u00ebsaj st\u00ebrvitje e konsideruar si m\u00eb e madhja q\u00eb prej Luft\u00ebs s\u00eb Dyt\u00eb Bot\u00ebrore.<\/p>\n<p>N\u00eb Biz\u00eb ka qen\u00eb edhe ambasadorja e SHBA n\u00eb vendin ton\u00eb, Yuri Kim qe i \u00ebsht\u00eb bashkuar st\u00ebrvitjes, madje, duke b\u00ebr\u00eb qitje me mitraloz dhe pistolet\u00eb, nderkohe qe ka dhene vleresime per ushtarake te ndryshem, mes tyre dhe ata shqiptare.<\/p>\n<p>N\u00eb st\u00ebrvitjen \u201cDefender 2021\u201d marrin pjes\u00eb m\u00eb shum\u00eb se 26 kombe dhe 28 mij\u00eb trupa shum\u00ebkomb\u00ebshe q\u00eb do t\u00eb kryejn\u00eb aktivitete pothuajse n\u00eb t\u00eb nj\u00ebjt\u00ebn koh\u00eb n\u00eb m\u00eb shum\u00eb se 30 zona trajnimi, t\u00eb shtrira n\u00eb 12 vende.<\/p>\n<p>Rreth 5 000 forca amerikane po st\u00ebrviten dhe veprojn\u00eb n\u00eb vendin ton\u00eb q\u00eb prej muajit prill e deri n\u00eb qershor, t\u00eb cilat do t\u00eb veprojn\u00eb n\u00eb vende t\u00eb shumta n\u00eb Shqip\u00ebri, p\u00ebrfshir\u00eb baz\u00ebn ajrore n\u00eb Ku\u00e7ov\u00eb, n\u00eb Fark\u00eb dhe n\u00eb zon\u00ebn e trajnimit n\u00eb Biz\u00eb.<\/p>\n<p>Kush \u00ebsht\u00eb ushtaraku mirditas i vleresuar?<\/p>\n<p>Sand\u00ebr Gjoka, \u00ebsht\u00eb nga Fani i Mirdit\u00ebs, me mbi 20 vite karrier\u00eb n\u00eb ushtri. Ai ka kaluar disa misione t\u00eb v\u00ebshtira; 3 n\u00eb Bosnj\u00eb, 2 t\u00eb tjera n\u00eb Afganistan me nga 6 muaj.<\/p>\n<p>Me ka rene rasti t\u2019i bej interviste ne kohen kur ushtria sherbente ne kohe Karantine vitin e kaluar, dhe ai me qe shpreh: \u00ebsht\u00eb nder p\u00ebr ne q\u00eb jemi n\u00eb detyr\u00eb dhe i sh\u00ebrbejm\u00eb Kombit n\u00eb nj\u00eb moment tep\u00ebr t\u00eb v\u00ebshtir\u00eb e delikat. Kur je n\u00eb detyr\u00eb si ushtarak, natyrisht, e merr rrezikun ne sy, shprehej m\u00eb tej ai, sepse p\u00ebr k\u00ebt\u00eb je i p\u00ebrgatit. Por kjo \u201clufta pa arm\u00eb\u201d, ndaj nj\u00eb armiku, q\u00eb nuk di se ku e ke, dhe aq m\u00eb tep\u00ebr mikroskopik, i paduksh\u00ebm, lufta me t\u00eb \u00ebsht\u00eb shum\u00eb m\u00eb e v\u00ebshtir\u00eb. \u00cbsht\u00eb nj\u00eblloj lufte me disiplin\u00ebn, rregullin, durimin, jo vet\u00ebm p\u00ebr vete sepse p\u00ebr k\u00ebt\u00eb gj\u00eb jemi p\u00ebrgatit p\u00ebr \u00e7do lloj situate, por duhet ta shoh\u00ebsh edhe tek qytetar\u00ebt, n\u00eb \u00e7do komunitet.<\/p>\n<p>Ai thot\u00eb se ndihet krenar q\u00eb \u00ebsht\u00eb pjes\u00eb e k\u00ebtij kontributi n\u00eb nj\u00eb moment sakrifice p\u00ebr gjith\u00eb kombin, duke u shprehur se ndihet i k\u00ebnaqur q\u00eb popullsia, \u00ebsht\u00eb vet\u00ebdij\u00ebsuar se vet\u00ebm s\u00ebbashku dhe me rregull, disipline, humanitet e duke d\u00ebgjuar k\u00ebshillat e specialist\u00ebve dhe autoriteteve, do mund ta kalojm\u00eb pa d\u00ebme t\u00eb m\u00ebdha.<\/p>\n<p>Duhet theksuar se ato muaj Forcat Tok\u00ebsore t\u00eb Ushtris\u00eb dhane nj\u00eb kontribut t\u00eb madh si n\u00eb sh\u00ebrbimet e patrullimit n\u00eb Tiran\u00eb dhe disa qendra t\u00eb tjera t\u00eb m\u00ebdha urbane, por dhe n\u00eb shp\u00ebrndarjen e ndihmave e pro\u00e7ese t\u00eb tjera, q\u00eb i kontribuojn\u00eb k\u00ebsaj situate tejet delikate p\u00ebr vendin.<\/p>\n<p>Tashme Sandri eshte pjese e nje stervitje te madhe, nje enderr e nje ushtaraku karriere dhe aq me teper kur vleresohet si ushtarak elitar ne mes ushtrive te shume kombeve).<\/p>","protected":false},"excerpt":{"rendered":"<p>Sand\u00ebr Gjoka, i cili merr pjes\u00eb n\u00eb st\u00ebrvitjen \u201cDefender Europe 21\u201d, \u00ebsht\u00eb vler\u00ebsuar nga ambasadorja e SHBA-s\u00eb n\u00eb Tiran\u00eb, Yuri Kim p\u00ebr suksesin e tij n\u00eb Biz\u00eb t\u00eb Martaneshit. Lajmin e b\u00ebn me dije gazetari Gjergj Marku, i cili n\u00eb rrjetet e tij sociale ka postuar nj\u00eb foto ku shihet ambasadorja Kim me ushtarin Sand\u00ebr [&hellip;]<\/p>\n","protected":false},"author":2031,"featured_media":184042,"comment_status":"closed","ping_status":"closed","sticky":false,"template":"","format":"standard","meta":{"footnotes":""},"categories":[231],"tags":[3239,312,458],"class_list":{"0":"post-184041","1":"post","2":"type-post","3":"status-publish","4":"format-standard","5":"has-post-thumbnail","7":"category-lajme","8":"tag-defender21","9":"tag-lajme","10":"tag-zjarrtv"},"_links":{"self":[{"href":"https:\/\/zjarr.tv\/en\/wp-json\/wp\/v2\/posts\/184041","targetHints":{"allow":["GET"]}}],"collection":[{"href":"https:\/\/zjarr.tv\/en\/wp-json\/wp\/v2\/posts"}],"about":[{"href":"https:\/\/zjarr.tv\/en\/wp-json\/wp\/v2\/types\/post"}],"author":[{"embeddable":true,"href":"https:\/\/zjarr.tv\/en\/wp-json\/wp\/v2\/users\/2031"}],"replies":[{"embeddable":true,"href":"https:\/\/zjarr.tv\/en\/wp-json\/wp\/v2\/comments?post=184041"}],"version-history":[{"count":0,"href":"https:\/\/zjarr.tv\/en\/wp-json\/wp\/v2\/posts\/184041\/revisions"}],"wp:featuredmedia":[{"embeddable":true,"href":"https:\/\/zjarr.tv\/en\/wp-json\/wp\/v2\/media\/184042"}],"wp:attachment":[{"href":"https:\/\/zjarr.tv\/en\/wp-json\/wp\/v2\/media?parent=184041"}],"wp:term":[{"taxonomy":"category","embeddable":true,"href":"https:\/\/zjarr.tv\/en\/wp-json\/wp\/v2\/categories?post=184041"},{"taxonomy":"post_tag","embeddable":true,"href":"https:\/\/zjarr.tv\/en\/wp-json\/wp\/v2\/tags?post=184041"}],"curies":[{"name":"wp","href":"https:\/\/api.w.org\/{rel}","templated":true}]}}