{"id":184073,"date":"2021-05-23T12:23:44","date_gmt":"2021-05-23T10:23:44","guid":{"rendered":"https:\/\/zjarr.tv\/?p=184073"},"modified":"2021-05-23T12:23:44","modified_gmt":"2021-05-23T10:23:44","slug":"doli-e-21-ta-ne-eurovizion-2021-reagon-per-here-te-pare-anxhela-peristeri-nuk-jam-merzitur-fare","status":"publish","type":"post","link":"https:\/\/zjarr.tv\/en\/doli-e-21-ta-ne-eurovizion-2021-reagon-per-here-te-pare-anxhela-peristeri-nuk-jam-merzitur-fare\/","title":{"rendered":"Doli e 21-ta n\u00eb \u201cEurovizion 2021\u201d, reagon p\u00ebr her\u00eb t\u00eb par\u00eb Anxhela Peristeri: Nuk jam m\u00ebrzitur fare!"},"content":{"rendered":"<p style=\"background: white; margin: 0in 0in 19.5pt 0in;\">P\u00ebrfaq\u00ebsuesja e Shqip\u00ebris\u00eb n\u00eb Eurovizion, Anxhela Peristeri ka b\u00ebr\u00eb nj\u00eb reagim p\u00ebr her\u00eb t\u00eb par\u00eb, pasi u rendit n\u00eb vendin e 21-t\u00eb n\u00eb k\u00ebt\u00eb festival.<\/p>\n<p style=\"background: white; -webkit-tap-highlight-color: transparent !important; box-sizing: border-box; overflow-wrap: break-word; font-variant-ligatures: normal; font-variant-caps: normal; orphans: 2; widows: 2; -webkit-text-stroke-width: 0px; text-decoration-thickness: initial; text-decoration-style: initial; text-decoration-color: initial; word-spacing: 0px; margin: 0in 0in 19.5pt 0in;\">Eurovizion 2021 u fitua k\u00ebt\u00eb vit nga Italia, e cila u p\u00ebrfaq\u00ebsua me nj\u00eb grup rroku.<\/p>\n<p style=\"background: white; -webkit-tap-highlight-color: transparent !important; box-sizing: border-box; overflow-wrap: break-word; font-variant-ligatures: normal; font-variant-caps: normal; orphans: 2; widows: 2; -webkit-text-stroke-width: 0px; text-decoration-thickness: initial; text-decoration-style: initial; text-decoration-color: initial; word-spacing: 0px; margin: 0in 0in 19.5pt 0in;\">P\u00ebrmes nj\u00eb postimi n\u00eb rrjetet sociale, Anxhela Peristeri ka falenderuar t\u00eb gjith\u00eb shqiptar\u00ebt p\u00ebr mb\u00ebshtetjen. Nd\u00ebrkoh\u00eb ajo u ka kthyer p\u00ebrgjigje t\u00eb gjith\u00eb atyre q\u00eb i kan\u00eb d\u00ebrguar mesazh q\u00eb t\u00eb mos m\u00ebrzitet p\u00ebr rezultatin.<\/p>\n<p style=\"background: white; -webkit-tap-highlight-color: transparent !important; box-sizing: border-box; overflow-wrap: break-word; font-variant-ligatures: normal; font-variant-caps: normal; orphans: 2; widows: 2; -webkit-text-stroke-width: 0px; text-decoration-thickness: initial; text-decoration-style: initial; text-decoration-color: initial; word-spacing: 0px; margin: 0in 0in 19.5pt 0in;\">Anxhela ka th\u00ebn\u00eb se nuk \u00ebsht\u00eb aspak e m\u00ebrzitur, pasi i njeh aft\u00ebsit\u00eb e saj, dhe e ka shijuar t\u00eb gjith\u00eb eksperienc\u00ebn.<\/p>\n<p style=\"background: white; -webkit-tap-highlight-color: transparent !important; box-sizing: border-box; overflow-wrap: break-word; font-variant-ligatures: normal; font-variant-caps: normal; orphans: 2; widows: 2; -webkit-text-stroke-width: 0px; text-decoration-thickness: initial; text-decoration-style: initial; text-decoration-color: initial; word-spacing: 0px; margin: 0in 0in 19.5pt 0in;\"><strong style=\"-webkit-tap-highlight-color: transparent !important; box-sizing: border-box;\">Postimi i plot\u00eb:<\/strong><\/p>\n<p style=\"background: white; -webkit-tap-highlight-color: transparent !important; box-sizing: border-box; overflow-wrap: break-word; font-variant-ligatures: normal; font-variant-caps: normal; orphans: 2; widows: 2; -webkit-text-stroke-width: 0px; text-decoration-thickness: initial; text-decoration-style: initial; text-decoration-color: initial; word-spacing: 0px; margin: 0in 0in 19.5pt 0in;\">Ju falenderoj nga thellesia e zemres per cdo mesazh qe me keni derguar dhe per cdo cent qe keni harxhuar per te votuar Shqiperine ne Eurovizion! Ju jam shume mirenjohese dhe sinqerisht eshte ndjesia me e bukur qe kam perjetuar gjate gjithe karrieres sime! Ishte nje super eksperience qe do e ribeja padiskutim shuuumeee here dhe do me mungoje shume kjo ndjesi dhe ajo skene! Ju dua shume!<\/p>\n<p style=\"background: white; -webkit-tap-highlight-color: transparent !important; box-sizing: border-box; overflow-wrap: break-word; font-variant-ligatures: normal; font-variant-caps: normal; orphans: 2; widows: 2; -webkit-text-stroke-width: 0px; text-decoration-thickness: initial; text-decoration-style: initial; text-decoration-color: initial; word-spacing: 0px; margin: 0in 0in 19.5pt 0in;\">(Inboxi im eshte plot dhe te me falni qe nuk kam mundur tju kthej pergjigje te gjitheve) Per te gjithe ju qe me shkruani te mos merzitem se eshte cdo gje politike ju siguroj qe nuk jam merzitur fare! E shijova shume naten e mbremshme dhe rezultati nuk eshte se me ndikoi. Une e di se kush jam, me cfare po paraqitem dhe cfare meritoj dhe ate qe me shume doja e mora pa kursim! Dashurine tuaj. Ju falenderoj qe ishit krenare per mua.<\/p>","protected":false},"excerpt":{"rendered":"<p>P\u00ebrfaq\u00ebsuesja e Shqip\u00ebris\u00eb n\u00eb Eurovizion, Anxhela Peristeri ka b\u00ebr\u00eb nj\u00eb reagim p\u00ebr her\u00eb t\u00eb par\u00eb, pasi u rendit n\u00eb vendin e 21-t\u00eb n\u00eb k\u00ebt\u00eb festival. Eurovizion 2021 u fitua k\u00ebt\u00eb vit nga Italia, e cila u p\u00ebrfaq\u00ebsua me nj\u00eb grup rroku. P\u00ebrmes nj\u00eb postimi n\u00eb rrjetet sociale, Anxhela Peristeri ka falenderuar t\u00eb gjith\u00eb shqiptar\u00ebt p\u00ebr [&hellip;]<\/p>\n","protected":false},"author":2030,"featured_media":184074,"comment_status":"closed","ping_status":"closed","sticky":false,"template":"","format":"standard","meta":{"footnotes":""},"categories":[241,193],"tags":[],"class_list":{"0":"post-184073","1":"post","2":"type-post","3":"status-publish","4":"format-standard","5":"has-post-thumbnail","7":"category-aktualitet","8":"category-showbiz"},"_links":{"self":[{"href":"https:\/\/zjarr.tv\/en\/wp-json\/wp\/v2\/posts\/184073","targetHints":{"allow":["GET"]}}],"collection":[{"href":"https:\/\/zjarr.tv\/en\/wp-json\/wp\/v2\/posts"}],"about":[{"href":"https:\/\/zjarr.tv\/en\/wp-json\/wp\/v2\/types\/post"}],"author":[{"embeddable":true,"href":"https:\/\/zjarr.tv\/en\/wp-json\/wp\/v2\/users\/2030"}],"replies":[{"embeddable":true,"href":"https:\/\/zjarr.tv\/en\/wp-json\/wp\/v2\/comments?post=184073"}],"version-history":[{"count":0,"href":"https:\/\/zjarr.tv\/en\/wp-json\/wp\/v2\/posts\/184073\/revisions"}],"wp:featuredmedia":[{"embeddable":true,"href":"https:\/\/zjarr.tv\/en\/wp-json\/wp\/v2\/media\/184074"}],"wp:attachment":[{"href":"https:\/\/zjarr.tv\/en\/wp-json\/wp\/v2\/media?parent=184073"}],"wp:term":[{"taxonomy":"category","embeddable":true,"href":"https:\/\/zjarr.tv\/en\/wp-json\/wp\/v2\/categories?post=184073"},{"taxonomy":"post_tag","embeddable":true,"href":"https:\/\/zjarr.tv\/en\/wp-json\/wp\/v2\/tags?post=184073"}],"curies":[{"name":"wp","href":"https:\/\/api.w.org\/{rel}","templated":true}]}}