{"id":184077,"date":"2021-05-23T12:27:48","date_gmt":"2021-05-23T10:27:48","guid":{"rendered":"https:\/\/zjarr.tv\/?p=184077"},"modified":"2021-05-23T12:27:48","modified_gmt":"2021-05-23T10:27:48","slug":"olta-xhacka-takon-tre-ministra-te-jashtem-te-be-se-jemi-gati-per-konferencen-e-pare-nderqeveritare-me-be-ne-qershor","status":"publish","type":"post","link":"https:\/\/zjarr.tv\/en\/olta-xhacka-takon-tre-ministra-te-jashtem-te-be-se-jemi-gati-per-konferencen-e-pare-nderqeveritare-me-be-ne-qershor\/","title":{"rendered":"Olta Xha\u00e7ka takon tre ministra t\u00eb Jasht\u00ebm t\u00eb BE-s\u00eb: Jemi gati p\u00ebr Konferenc\u00ebn e par\u00eb Nd\u00ebrqeveritare me BE n\u00eb qershor"},"content":{"rendered":"<p>Ministrja e Jashtme e vendit Olta Xha\u00e7ka, ka zhvilluar dit\u00ebn e sotme nj\u00eb takim me 3 ministrat e jasht\u00ebm t\u00eb BE-s\u00eb, nga Austria, \u00c7ekia dhe Sllovenia.<\/p>\n<p>Gjat\u00eb konferenc\u00ebs s\u00eb p\u00ebrbashk\u00ebt p\u00ebr shtypin, Xha\u00e7ka tha se Shqip\u00ebria ka p\u00ebrmbushur t\u00eb gjitha kushtet dhe se \u00ebsht\u00eb gati p\u00ebr t\u00eb mbajtur Konferenc\u00ebn e Par\u00eb Nd\u00ebrqeveritare t\u00eb BE-s\u00eb n\u00eb qershor.<\/p>\n<p><em>\u201cI informova koleg\u00ebt p\u00ebr p\u00ebrparimin q\u00eb vendi ka b\u00ebr\u00eb b\u00eb rrug\u00ebn e integrimit n\u00eb BE. Ndam\u00eb vler\u00ebsimin se Shqip\u00ebria \u00ebsht\u00eb e gatshme p\u00ebr konferenc\u00ebn e par\u00eb nd\u00ebrqeveritare, ose th\u00ebn\u00eb m\u00eb mir\u00eb nisjen defakto t\u00eb negociatave t\u00eb an\u00ebtar\u00ebsimit, Shqip\u00ebria ka b\u00ebr\u00eb nj\u00eb rrug\u00eb t\u00eb gjat\u00eb dhe t\u00eb v\u00ebshtir\u00eb p\u00ebr p\u00ebrmbushjen e kushteve dhe k\u00ebrkesave. Edhe pse viti i fundit ka qen\u00eb jasht\u00ebzakonisht i v\u00ebshtir\u00eb ja kemi dal\u00eb t\u00eb b\u00ebjm\u00eb nj\u00eb p\u00ebrparim thelb\u00ebsor n\u00eb reformimin e sistemit t\u00eb drejt\u00ebsis\u00eb, n\u00eb luft\u00ebn kund\u00ebr krimit t\u00eb organizuar dhe korrupsionit dhe kemi arritur t\u00eb zhvillom\u00eb nj\u00eb proces transparent zgjedhor. Me njohjen e qart\u00eb q\u00eb Komisioni Europian i ka b\u00ebr\u00eb k\u00ebtyre arritjeve, kemi pritshm\u00ebri t\u00eb larta q\u00eb K\u00ebshilli t\u00eb dakord\u00ebsohet p\u00ebr t\u00eb zhvilluar konferenc\u00ebn e par\u00eb nd\u00ebrqeveritare mes BE dhe Shqip\u00ebris\u00eb brenda 6 mujorit t\u00eb par\u00eb t\u00eb k\u00ebtij viti\u201d<\/em>, tha Xha\u00e7ka.<\/p>","protected":false},"excerpt":{"rendered":"<p>Ministrja e Jashtme e vendit Olta Xha\u00e7ka, ka zhvilluar dit\u00ebn e sotme nj\u00eb takim me 3 ministrat e jasht\u00ebm t\u00eb BE-s\u00eb, nga Austria, \u00c7ekia dhe Sllovenia. Gjat\u00eb konferenc\u00ebs s\u00eb p\u00ebrbashk\u00ebt p\u00ebr shtypin, Xha\u00e7ka tha se Shqip\u00ebria ka p\u00ebrmbushur t\u00eb gjitha kushtet dhe se \u00ebsht\u00eb gati p\u00ebr t\u00eb mbajtur Konferenc\u00ebn e Par\u00eb Nd\u00ebrqeveritare t\u00eb BE-s\u00eb n\u00eb [&hellip;]<\/p>\n","protected":false},"author":2030,"featured_media":184078,"comment_status":"closed","ping_status":"closed","sticky":false,"template":"","format":"standard","meta":{"footnotes":""},"categories":[241,1454],"tags":[],"class_list":{"0":"post-184077","1":"post","2":"type-post","3":"status-publish","4":"format-standard","5":"has-post-thumbnail","7":"category-aktualitet","8":"category-politike"},"_links":{"self":[{"href":"https:\/\/zjarr.tv\/en\/wp-json\/wp\/v2\/posts\/184077","targetHints":{"allow":["GET"]}}],"collection":[{"href":"https:\/\/zjarr.tv\/en\/wp-json\/wp\/v2\/posts"}],"about":[{"href":"https:\/\/zjarr.tv\/en\/wp-json\/wp\/v2\/types\/post"}],"author":[{"embeddable":true,"href":"https:\/\/zjarr.tv\/en\/wp-json\/wp\/v2\/users\/2030"}],"replies":[{"embeddable":true,"href":"https:\/\/zjarr.tv\/en\/wp-json\/wp\/v2\/comments?post=184077"}],"version-history":[{"count":0,"href":"https:\/\/zjarr.tv\/en\/wp-json\/wp\/v2\/posts\/184077\/revisions"}],"wp:featuredmedia":[{"embeddable":true,"href":"https:\/\/zjarr.tv\/en\/wp-json\/wp\/v2\/media\/184078"}],"wp:attachment":[{"href":"https:\/\/zjarr.tv\/en\/wp-json\/wp\/v2\/media?parent=184077"}],"wp:term":[{"taxonomy":"category","embeddable":true,"href":"https:\/\/zjarr.tv\/en\/wp-json\/wp\/v2\/categories?post=184077"},{"taxonomy":"post_tag","embeddable":true,"href":"https:\/\/zjarr.tv\/en\/wp-json\/wp\/v2\/tags?post=184077"}],"curies":[{"name":"wp","href":"https:\/\/api.w.org\/{rel}","templated":true}]}}