{"id":184085,"date":"2021-05-23T12:44:21","date_gmt":"2021-05-23T10:44:21","guid":{"rendered":"https:\/\/zjarr.tv\/?p=184085"},"modified":"2021-05-23T12:44:21","modified_gmt":"2021-05-23T10:44:21","slug":"drejtoi-mjetin-ne-gjendje-te-dehur-dhe-shkaktoi-aksident-gjykata-merr-vendimin-per-kengetarin-aleksander-gjoka","status":"publish","type":"post","link":"https:\/\/zjarr.tv\/en\/drejtoi-mjetin-ne-gjendje-te-dehur-dhe-shkaktoi-aksident-gjykata-merr-vendimin-per-kengetarin-aleksander-gjoka\/","title":{"rendered":"Drejtoi mjetin n\u00eb gjendje t\u00eb dehur dhe shkaktoi aksident, Gjykata merr vendimin p\u00ebr k\u00ebng\u00ebtarin Aleksand\u00ebr Gjoka"},"content":{"rendered":"<p style=\"background: white; margin: 0in 0in 19.5pt 0in;\">Gjykata e Tiran\u00ebs ka vendosur mas\u00ebn \u201carrest sht\u00ebpie\u201d p\u00ebr k\u00ebng\u00ebtarin Aleksad\u00ebr Gjoka, i cili u arrestua dy dit\u00eb m\u00eb par\u00eb duke drejtuar makin\u00ebn n\u00eb gjendje t\u00eb dehur.<\/p>\n<p style=\"background: white; -webkit-tap-highlight-color: transparent !important; box-sizing: border-box; overflow-wrap: break-word; font-variant-ligatures: normal; font-variant-caps: normal; orphans: 2; widows: 2; -webkit-text-stroke-width: 0px; text-decoration-thickness: initial; text-decoration-style: initial; text-decoration-color: initial; word-spacing: 0px; margin: 0in 0in 19.5pt 0in;\">Kujtojm\u00eb q\u00eb k\u00ebng\u00ebtari u arrestua m\u00eb 21 maj, pasi po drejtonte makin\u00ebn n\u00eb gjendje t\u00eb dehur dhe si pasoj\u00eb ka shkatuar aksident n\u00eb Fark\u00eb.<\/p>\n<p style=\"background: white; -webkit-tap-highlight-color: transparent !important; box-sizing: border-box; overflow-wrap: break-word; font-variant-ligatures: normal; font-variant-caps: normal; orphans: 2; widows: 2; -webkit-text-stroke-width: 0px; text-decoration-thickness: initial; text-decoration-style: initial; text-decoration-color: initial; word-spacing: 0px; margin: 0in 0in 19.5pt 0in;\">N\u00eb fakt, kjo nuk \u00ebsht\u00eb hera e par\u00eb q\u00eb k\u00ebng\u00ebtari arrestohet i dehur nga Policia. Edhe n\u00eb vitin 2019 ai \u00ebhst\u00eb ndaluar nga nj\u00eb patrull\u00eb e Policis\u00eb Rrugore dhe pas testit t\u00eb alkolit, ka rezultuar i dehur.<\/p>","protected":false},"excerpt":{"rendered":"<p>Gjykata e Tiran\u00ebs ka vendosur mas\u00ebn \u201carrest sht\u00ebpie\u201d p\u00ebr k\u00ebng\u00ebtarin Aleksad\u00ebr Gjoka, i cili u arrestua dy dit\u00eb m\u00eb par\u00eb duke drejtuar makin\u00ebn n\u00eb gjendje t\u00eb dehur. Kujtojm\u00eb q\u00eb k\u00ebng\u00ebtari u arrestua m\u00eb 21 maj, pasi po drejtonte makin\u00ebn n\u00eb gjendje t\u00eb dehur dhe si pasoj\u00eb ka shkatuar aksident n\u00eb Fark\u00eb. N\u00eb fakt, kjo nuk [&hellip;]<\/p>\n","protected":false},"author":2030,"featured_media":184086,"comment_status":"closed","ping_status":"closed","sticky":false,"template":"","format":"standard","meta":{"footnotes":""},"categories":[241],"tags":[],"class_list":{"0":"post-184085","1":"post","2":"type-post","3":"status-publish","4":"format-standard","5":"has-post-thumbnail","7":"category-aktualitet"},"_links":{"self":[{"href":"https:\/\/zjarr.tv\/en\/wp-json\/wp\/v2\/posts\/184085","targetHints":{"allow":["GET"]}}],"collection":[{"href":"https:\/\/zjarr.tv\/en\/wp-json\/wp\/v2\/posts"}],"about":[{"href":"https:\/\/zjarr.tv\/en\/wp-json\/wp\/v2\/types\/post"}],"author":[{"embeddable":true,"href":"https:\/\/zjarr.tv\/en\/wp-json\/wp\/v2\/users\/2030"}],"replies":[{"embeddable":true,"href":"https:\/\/zjarr.tv\/en\/wp-json\/wp\/v2\/comments?post=184085"}],"version-history":[{"count":0,"href":"https:\/\/zjarr.tv\/en\/wp-json\/wp\/v2\/posts\/184085\/revisions"}],"wp:featuredmedia":[{"embeddable":true,"href":"https:\/\/zjarr.tv\/en\/wp-json\/wp\/v2\/media\/184086"}],"wp:attachment":[{"href":"https:\/\/zjarr.tv\/en\/wp-json\/wp\/v2\/media?parent=184085"}],"wp:term":[{"taxonomy":"category","embeddable":true,"href":"https:\/\/zjarr.tv\/en\/wp-json\/wp\/v2\/categories?post=184085"},{"taxonomy":"post_tag","embeddable":true,"href":"https:\/\/zjarr.tv\/en\/wp-json\/wp\/v2\/tags?post=184085"}],"curies":[{"name":"wp","href":"https:\/\/api.w.org\/{rel}","templated":true}]}}