{"id":184089,"date":"2021-05-23T12:58:12","date_gmt":"2021-05-23T10:58:12","guid":{"rendered":"https:\/\/zjarr.tv\/?p=184089"},"modified":"2021-05-23T12:58:12","modified_gmt":"2021-05-23T10:58:12","slug":"ministrat-e-jashtem-te-be-se-bejne-thirrje-te-hapen-negociatat-me-shqiperine-koha-eshte-tani","status":"publish","type":"post","link":"https:\/\/zjarr.tv\/en\/ministrat-e-jashtem-te-be-se-bejne-thirrje-te-hapen-negociatat-me-shqiperine-koha-eshte-tani\/","title":{"rendered":"Ministrat e Jasht\u00ebm t\u00eb BE-s\u00eb b\u00ebjn\u00eb thirrje: T\u00eb hapen negociatat me Shqip\u00ebrin\u00eb, koha \u00ebsht\u00eb tani"},"content":{"rendered":"<p style=\"background: white; margin: 0in 0in 19.5pt 0in;\">Ministrja e Jashtme Olta Xha\u00e7ka mbajtur nj\u00eb konferenc\u00eb t\u00eb p\u00ebrbashk\u00ebt me homolog\u00ebt e saj n\u00eb Austri, \u00c7eki dhe Slloveni.<\/p>\n<p style=\"background: white; -webkit-tap-highlight-color: transparent !important; box-sizing: border-box; overflow-wrap: break-word; font-variant-ligatures: normal; font-variant-caps: normal; orphans: 2; widows: 2; -webkit-text-stroke-width: 0px; text-decoration-thickness: initial; text-decoration-style: initial; text-decoration-color: initial; word-spacing: 0px; margin: 0in 0in 19.5pt 0in;\">Gjat\u00eb fjal\u00ebs s\u00eb tij, ministri i Jasht\u00ebm i Austris\u00eb, Alexander Schallenberg u shpreh se BE-ja do t\u00eb mbetet krah Shqip\u00ebris\u00eb pa e kthyer kurrizin.<\/p>\n<p style=\"background: white; -webkit-tap-highlight-color: transparent !important; box-sizing: border-box; overflow-wrap: break-word; font-variant-ligatures: normal; font-variant-caps: normal; orphans: 2; widows: 2; -webkit-text-stroke-width: 0px; text-decoration-thickness: initial; text-decoration-style: initial; text-decoration-color: initial; word-spacing: 0px; margin: 0in 0in 19.5pt 0in;\">Sipas tij, vizioni i kontinetit do t\u00eb jet\u00eb i p\u00ebrmbushur vet\u00ebm nes\u00eb t\u00eb gjasht\u00eb vendet e Ballkanit Per\u00ebndimor do t\u00eb jen\u00eb pjes\u00eb e BE-s\u00eb.<\/p>\n<p style=\"background: white; -webkit-tap-highlight-color: transparent !important; box-sizing: border-box; overflow-wrap: break-word; font-variant-ligatures: normal; font-variant-caps: normal; orphans: 2; widows: 2; -webkit-text-stroke-width: 0px; text-decoration-thickness: initial; text-decoration-style: initial; text-decoration-color: initial; word-spacing: 0px; margin: 0in 0in 19.5pt 0in;\">\u201c<em>Ku udh\u00ebtimi i joni \u00ebsht\u00eb nj\u00eb mesazh i fort\u00eb simpatie dhe fqinj\u00ebsie. Kemi par\u00eb gjat\u00eb vitit t\u00eb fundit q\u00eb edhe siguria sh\u00ebndet\u00ebsore varet nga siguria sh\u00ebndet\u00ebsore n\u00eb k\u00ebt\u00eb rajon. Mund t\u00eb deklaroj q\u00eb t\u00eb tjera do vijn\u00eb, BE nuk do e kthej\u00eb kurrizin. Do mbetemi krah jush n\u00eb k\u00ebt\u00eb pandemi dhe periudh\u00ebn vijuese. Integrimi i Ballkanit \u00ebsht\u00eb n\u00eb interes t\u00eb BE.<\/em><\/p>\n<p style=\"background: white; -webkit-tap-highlight-color: transparent !important; box-sizing: border-box; overflow-wrap: break-word; font-variant-ligatures: normal; font-variant-caps: normal; orphans: 2; widows: 2; -webkit-text-stroke-width: 0px; text-decoration-thickness: initial; text-decoration-style: initial; text-decoration-color: initial; word-spacing: 0px; margin: 0in 0in 19.5pt 0in;\"><em>Kur t\u00eb gjashta vendet e Ballkanit Per\u00ebndimor t\u00eb b\u00ebhen an\u00ebtare do kemi arritur vizionin e kontinentit. Shqip\u00ebria ka b\u00ebr\u00eb detyrat e saj t\u00eb sht\u00ebpis\u00eb dhe \u00ebsht\u00eb gati p\u00ebr t\u00eb hapur bisedimet. Duhen zbatuar ligjet dhe rregullat. Ky \u00ebsht\u00eb nj\u00eb proces q\u00eb duhet t\u00eb nis\u00eb dhe duhet t\u00eb jemi t\u00eb ndersh\u00ebm p\u00ebr k\u00ebt\u00eb. Mbetemi krah jush sot dhe n\u00eb t\u00eb ardhmen\u201d<\/em>, u shpreh ai.<\/p>\n<p style=\"background: white; -webkit-tap-highlight-color: transparent !important; box-sizing: border-box; overflow-wrap: break-word; font-variant-ligatures: normal; font-variant-caps: normal; orphans: 2; widows: 2; -webkit-text-stroke-width: 0px; text-decoration-thickness: initial; text-decoration-style: initial; text-decoration-color: initial; word-spacing: 0px; margin: 0in 0in 19.5pt 0in;\">T\u00eb nj\u00ebjt\u00ebn gj\u00eb shpreh\u00ebn edhe homolog\u00ebt e tij n\u00eb \u00c7eki dhe Slloveni. Ata e cil\u00ebsuan skuadr\u00ebne\u00a0 tyre si tre muskutjer\u00ebt q\u00eb po sillnin nj\u00eb mesazh t\u00eb BE-s\u00eb.<\/p>\n<p style=\"background: white; -webkit-tap-highlight-color: transparent !important; box-sizing: border-box; overflow-wrap: break-word; font-variant-ligatures: normal; font-variant-caps: normal; orphans: 2; widows: 2; -webkit-text-stroke-width: 0px; text-decoration-thickness: initial; text-decoration-style: initial; text-decoration-color: initial; word-spacing: 0px; margin: 0in 0in 19.5pt 0in;\">\u201c<em>Dikush mund t\u00eb mendoj\u00eb q\u00eb \u00ebsht\u00eb e \u00e7uditshme t\u00eb organizosh nj\u00eb konferenc\u00eb shtypi n\u00eb nj\u00eb dit\u00eb t\u00eb bukur me diell. Por \u00ebsht\u00eb e r\u00ebnd\u00ebsishme t\u00eb jemi k\u00ebtu sot. Tre ministrat e jasht\u00ebm t\u00eb BE kan\u00eb ardhur n\u00eb Shqip\u00ebri p\u00ebr t\u00eb demonstruar mb\u00ebshtetjen ton\u00eb ndaj Shqip\u00ebris\u00eb. Ajo ka arritje n\u00eb reform\u00ebn n\u00eb drejt\u00ebsi dhe luft\u00ebn kund\u00ebr korrupsionit dhe krimit t\u00eb organizuar. Ka ende shum\u00eb p\u00ebr t\u00eb b\u00ebr\u00eb, Duam t\u00eb njohim p\u00ebrparimin q\u00eb Shqip\u00ebria ka sh\u00ebnuar n\u00eb procesin e an\u00ebtar\u00ebsimit n\u00eb BE. Ne p\u00ebrmbush\u00ebm kushtet e nevojshme p\u00ebr mbajtjen e konferenc\u00ebs s\u00eb par\u00eb nd\u00ebrqeveritare p\u00ebr t\u00eb nisur bisedimet p\u00ebr an\u00ebtar\u00ebsim. \u00c7elja e bisedimeve do jet\u00eb shtys\u00eb e jasht\u00ebzakonshme p\u00ebr Shqip\u00ebrin\u00eb dhe rajonin n\u00eb t\u00ebr\u00ebsi. Procesi i zgjerimit t\u00eb BE \u00ebsht\u00eb rrug\u00eb me dy kahe\u201d,<\/em> tha ministri \u00e7ek.<\/p>\n<p style=\"background: white; -webkit-tap-highlight-color: transparent !important; box-sizing: border-box; overflow-wrap: break-word; font-variant-ligatures: normal; font-variant-caps: normal; orphans: 2; widows: 2; -webkit-text-stroke-width: 0px; text-decoration-thickness: initial; text-decoration-style: initial; text-decoration-color: initial; word-spacing: 0px; margin: 0in 0in 19.5pt 0in;\"><em>\u201cShqip\u00ebria e p\u00ebrmbushi detyr\u00ebn, tani \u00ebsht\u00eb BE q\u00eb duhet t\u00eb q\u00ebndroj\u00eb me fjal\u00ebt e saj, \u00ebsht\u00eb koha e duhur. Presidenca e ardhshme \u00ebsht\u00eb ajo e Sllovenis\u00eb ku zgjerimi dhe \u00e7\u00ebshtja e BP do t\u00eb jen\u00eb n\u00eb krye t\u00eb agjend\u00ebs, k\u00ebshtu q\u00eb Shqip\u00ebria do t\u00eb t\u00eb ket\u00eb nj\u00eb bashk\u00ebbisedues aktiv. Bashk\u00ebbisedues dhe mb\u00ebshtet\u00ebs shum\u00eb aktiv p\u00ebr procesin e zgjerimit<\/em>\u201d,- deklaroi ministri slloven.<\/p>","protected":false},"excerpt":{"rendered":"<p>Ministrja e Jashtme Olta Xha\u00e7ka mbajtur nj\u00eb konferenc\u00eb t\u00eb p\u00ebrbashk\u00ebt me homolog\u00ebt e saj n\u00eb Austri, \u00c7eki dhe Slloveni. Gjat\u00eb fjal\u00ebs s\u00eb tij, ministri i Jasht\u00ebm i Austris\u00eb, Alexander Schallenberg u shpreh se BE-ja do t\u00eb mbetet krah Shqip\u00ebris\u00eb pa e kthyer kurrizin. Sipas tij, vizioni i kontinetit do t\u00eb jet\u00eb i p\u00ebrmbushur vet\u00ebm nes\u00eb [&hellip;]<\/p>\n","protected":false},"author":2030,"featured_media":184090,"comment_status":"closed","ping_status":"closed","sticky":false,"template":"","format":"standard","meta":{"footnotes":""},"categories":[241,1454],"tags":[],"class_list":{"0":"post-184089","1":"post","2":"type-post","3":"status-publish","4":"format-standard","5":"has-post-thumbnail","7":"category-aktualitet","8":"category-politike"},"_links":{"self":[{"href":"https:\/\/zjarr.tv\/en\/wp-json\/wp\/v2\/posts\/184089","targetHints":{"allow":["GET"]}}],"collection":[{"href":"https:\/\/zjarr.tv\/en\/wp-json\/wp\/v2\/posts"}],"about":[{"href":"https:\/\/zjarr.tv\/en\/wp-json\/wp\/v2\/types\/post"}],"author":[{"embeddable":true,"href":"https:\/\/zjarr.tv\/en\/wp-json\/wp\/v2\/users\/2030"}],"replies":[{"embeddable":true,"href":"https:\/\/zjarr.tv\/en\/wp-json\/wp\/v2\/comments?post=184089"}],"version-history":[{"count":0,"href":"https:\/\/zjarr.tv\/en\/wp-json\/wp\/v2\/posts\/184089\/revisions"}],"wp:featuredmedia":[{"embeddable":true,"href":"https:\/\/zjarr.tv\/en\/wp-json\/wp\/v2\/media\/184090"}],"wp:attachment":[{"href":"https:\/\/zjarr.tv\/en\/wp-json\/wp\/v2\/media?parent=184089"}],"wp:term":[{"taxonomy":"category","embeddable":true,"href":"https:\/\/zjarr.tv\/en\/wp-json\/wp\/v2\/categories?post=184089"},{"taxonomy":"post_tag","embeddable":true,"href":"https:\/\/zjarr.tv\/en\/wp-json\/wp\/v2\/tags?post=184089"}],"curies":[{"name":"wp","href":"https:\/\/api.w.org\/{rel}","templated":true}]}}