{"id":184093,"date":"2021-05-23T13:12:14","date_gmt":"2021-05-23T11:12:14","guid":{"rendered":"https:\/\/zjarr.tv\/?p=184093"},"modified":"2021-05-23T13:12:14","modified_gmt":"2021-05-23T11:12:14","slug":"abuzimet-seksuale-me-te-mitura-kembane-alarmi-qytetaret-mbushin-rruget-e-tiranes-edukoni-djalin","status":"publish","type":"post","link":"https:\/\/zjarr.tv\/en\/abuzimet-seksuale-me-te-mitura-kembane-alarmi-qytetaret-mbushin-rruget-e-tiranes-edukoni-djalin\/","title":{"rendered":"Abuzimet seksuale me t\u00eb mitura, k\u00ebmban\u00eb alarmi, qytetar\u00ebt mbushin rrug\u00ebt e Tiran\u00ebs: Edukoni djalin!"},"content":{"rendered":"<p style=\"background: white; margin: 0in 0in 19.5pt 0in;\">Pas ngjarjes s\u00eb r\u00ebnd\u00eb ku nj\u00eb 15-vje\u00e7are u p\u00ebrdhunua nga i dashuri i saj dhe kat\u00ebr persona t\u00eb tjer\u00eb, sot n\u00eb \u201cSheshin Sk\u00ebnd\u00ebrbej\u201d qytetar\u00eb dhe aktivist\u00eb kan\u00eb marshuar n\u00eb shenj\u00eb proteste ndaj abuzimeve seksuale ndaj t\u00eb miturve.<\/p>\n<p style=\"background: white; -webkit-tap-highlight-color: transparent !important; box-sizing: border-box; overflow-wrap: break-word; font-variant-ligatures: normal; font-variant-caps: normal; orphans: 2; widows: 2; -webkit-text-stroke-width: 0px; text-decoration-thickness: initial; text-decoration-style: initial; text-decoration-color: initial; word-spacing: 0px; margin: 0in 0in 19.5pt 0in;\">Me pankarta n\u00eb duar dhjetra vajza t\u00eb reja u b\u00ebjn\u00eb thirrje institucioneve t\u00eb marrin masa q\u00eb k\u00ebto raste mos ndodhin\u00a0m\u00eb n\u00eb Shqip\u00ebri dhe q\u00eb t\u00eb jetojn\u00eb pa frik\u00eb.<\/p>\n<p style=\"background: white; -webkit-tap-highlight-color: transparent !important; box-sizing: border-box; overflow-wrap: break-word; font-variant-ligatures: normal; font-variant-caps: normal; orphans: 2; widows: 2; -webkit-text-stroke-width: 0px; text-decoration-thickness: initial; text-decoration-style: initial; text-decoration-color: initial; word-spacing: 0px; margin: 0in 0in 19.5pt 0in;\">\u201cMos ma vrit f\u00ebmij\u00ebrin\u00eb\u201d \u201cEdukodjalin\u201d \u201cStop\u201d, ishin shkrimet q\u00eb dhjetra vajza mbajn\u00eb n\u00eb duar.<\/p>\n<p style=\"background: white; -webkit-tap-highlight-color: transparent !important; box-sizing: border-box; overflow-wrap: break-word; font-variant-ligatures: normal; font-variant-caps: normal; orphans: 2; widows: 2; -webkit-text-stroke-width: 0px; text-decoration-thickness: initial; text-decoration-style: initial; text-decoration-color: initial; word-spacing: 0px; margin: 0in 0in 19.5pt 0in;\">Mesazhi i k\u00ebsaj proteste \u00ebsht\u00eb mbrojtja e vajzave dhe \u00e7dokush t\u00eb raportoj\u00eb p\u00ebr rastet e dhun\u00ebs.<\/p>","protected":false},"excerpt":{"rendered":"<p>Pas ngjarjes s\u00eb r\u00ebnd\u00eb ku nj\u00eb 15-vje\u00e7are u p\u00ebrdhunua nga i dashuri i saj dhe kat\u00ebr persona t\u00eb tjer\u00eb, sot n\u00eb \u201cSheshin Sk\u00ebnd\u00ebrbej\u201d qytetar\u00eb dhe aktivist\u00eb kan\u00eb marshuar n\u00eb shenj\u00eb proteste ndaj abuzimeve seksuale ndaj t\u00eb miturve. Me pankarta n\u00eb duar dhjetra vajza t\u00eb reja u b\u00ebjn\u00eb thirrje institucioneve t\u00eb marrin masa q\u00eb k\u00ebto raste [&hellip;]<\/p>\n","protected":false},"author":2030,"featured_media":184094,"comment_status":"closed","ping_status":"closed","sticky":false,"template":"","format":"standard","meta":{"footnotes":""},"categories":[241],"tags":[],"class_list":{"0":"post-184093","1":"post","2":"type-post","3":"status-publish","4":"format-standard","5":"has-post-thumbnail","7":"category-aktualitet"},"_links":{"self":[{"href":"https:\/\/zjarr.tv\/en\/wp-json\/wp\/v2\/posts\/184093","targetHints":{"allow":["GET"]}}],"collection":[{"href":"https:\/\/zjarr.tv\/en\/wp-json\/wp\/v2\/posts"}],"about":[{"href":"https:\/\/zjarr.tv\/en\/wp-json\/wp\/v2\/types\/post"}],"author":[{"embeddable":true,"href":"https:\/\/zjarr.tv\/en\/wp-json\/wp\/v2\/users\/2030"}],"replies":[{"embeddable":true,"href":"https:\/\/zjarr.tv\/en\/wp-json\/wp\/v2\/comments?post=184093"}],"version-history":[{"count":0,"href":"https:\/\/zjarr.tv\/en\/wp-json\/wp\/v2\/posts\/184093\/revisions"}],"wp:featuredmedia":[{"embeddable":true,"href":"https:\/\/zjarr.tv\/en\/wp-json\/wp\/v2\/media\/184094"}],"wp:attachment":[{"href":"https:\/\/zjarr.tv\/en\/wp-json\/wp\/v2\/media?parent=184093"}],"wp:term":[{"taxonomy":"category","embeddable":true,"href":"https:\/\/zjarr.tv\/en\/wp-json\/wp\/v2\/categories?post=184093"},{"taxonomy":"post_tag","embeddable":true,"href":"https:\/\/zjarr.tv\/en\/wp-json\/wp\/v2\/tags?post=184093"}],"curies":[{"name":"wp","href":"https:\/\/api.w.org\/{rel}","templated":true}]}}