{"id":184097,"date":"2021-05-23T13:21:04","date_gmt":"2021-05-23T11:21:04","guid":{"rendered":"https:\/\/zjarr.tv\/?p=184097"},"modified":"2021-05-23T13:21:04","modified_gmt":"2021-05-23T11:21:04","slug":"ambasadorja-kim-marredhenia-e-amerikaneve-dhe-shqiptareve-mbi-cdo-gje","status":"publish","type":"post","link":"https:\/\/zjarr.tv\/en\/ambasadorja-kim-marredhenia-e-amerikaneve-dhe-shqiptareve-mbi-cdo-gje\/","title":{"rendered":"Ambasadorja Kim: Marr\u00ebdh\u00ebnia e amerikan\u00ebve dhe shqiptar\u00ebve mbi \u00e7do gj\u00eb"},"content":{"rendered":"<p>Ambasadorja e SHBA n\u00eb Tiran\u00eb, Yuri Kim \u00ebsht\u00eb shprehur se marr\u00ebdh\u00ebnia e amerikan\u00ebve dhe shqiptar\u00ebve duhet t\u00eb vler\u00ebsohet mbi \u00e7do gj\u00eb tjet\u00ebr.<\/p>\n<p>Gjat\u00eb aktivitetit \u201cDefender Europe 21\u201d t\u00eb mbajtur n\u00eb Sheshin N\u00ebn\u00eb Tereza n\u00eb Tiran\u00eb, Kim vler\u00ebsoi gatishm\u00ebrin\u00eb e Shqip\u00ebris\u00eb gjat\u00eb\u00a0stervitjes ushtarake\u00a0q\u00eb trupat e NATO-s po zhvillojn\u00eb n\u00eb Ballkan.<\/p>\n<p>Sipas Kim, kjo st\u00ebrvitje ushtarake ka treguar angazhimin e popullit shqiptar p\u00ebr t\u00eb qen\u00eb t\u00eb bashkuar sa i p\u00ebrket marr\u00ebdh\u00ebnieve me SHBA-t\u00eb.<\/p>\n<p><em>\u201cNe qendrojm\u00eb me ju sot n\u00eb mb\u00ebshtetje t\u00eb fort\u00eb p\u00ebr nj\u00eb Shqip\u00ebri demokratike, t\u00eb pavarur dhe t\u00eb fort\u00eb ne do t\u00eb vazhdojm\u00eb t\u00eb qendorjm\u00eb me ju\u201d,\u00a0<\/em>tha Kim.<\/p>","protected":false},"excerpt":{"rendered":"<p>Ambasadorja e SHBA n\u00eb Tiran\u00eb, Yuri Kim \u00ebsht\u00eb shprehur se marr\u00ebdh\u00ebnia e amerikan\u00ebve dhe shqiptar\u00ebve duhet t\u00eb vler\u00ebsohet mbi \u00e7do gj\u00eb tjet\u00ebr. Gjat\u00eb aktivitetit \u201cDefender Europe 21\u201d t\u00eb mbajtur n\u00eb Sheshin N\u00ebn\u00eb Tereza n\u00eb Tiran\u00eb, Kim vler\u00ebsoi gatishm\u00ebrin\u00eb e Shqip\u00ebris\u00eb gjat\u00eb\u00a0stervitjes ushtarake\u00a0q\u00eb trupat e NATO-s po zhvillojn\u00eb n\u00eb Ballkan. Sipas Kim, kjo st\u00ebrvitje ushtarake ka [&hellip;]<\/p>\n","protected":false},"author":2030,"featured_media":184098,"comment_status":"closed","ping_status":"closed","sticky":false,"template":"","format":"standard","meta":{"footnotes":""},"categories":[241],"tags":[],"class_list":{"0":"post-184097","1":"post","2":"type-post","3":"status-publish","4":"format-standard","5":"has-post-thumbnail","7":"category-aktualitet"},"_links":{"self":[{"href":"https:\/\/zjarr.tv\/en\/wp-json\/wp\/v2\/posts\/184097","targetHints":{"allow":["GET"]}}],"collection":[{"href":"https:\/\/zjarr.tv\/en\/wp-json\/wp\/v2\/posts"}],"about":[{"href":"https:\/\/zjarr.tv\/en\/wp-json\/wp\/v2\/types\/post"}],"author":[{"embeddable":true,"href":"https:\/\/zjarr.tv\/en\/wp-json\/wp\/v2\/users\/2030"}],"replies":[{"embeddable":true,"href":"https:\/\/zjarr.tv\/en\/wp-json\/wp\/v2\/comments?post=184097"}],"version-history":[{"count":0,"href":"https:\/\/zjarr.tv\/en\/wp-json\/wp\/v2\/posts\/184097\/revisions"}],"wp:featuredmedia":[{"embeddable":true,"href":"https:\/\/zjarr.tv\/en\/wp-json\/wp\/v2\/media\/184098"}],"wp:attachment":[{"href":"https:\/\/zjarr.tv\/en\/wp-json\/wp\/v2\/media?parent=184097"}],"wp:term":[{"taxonomy":"category","embeddable":true,"href":"https:\/\/zjarr.tv\/en\/wp-json\/wp\/v2\/categories?post=184097"},{"taxonomy":"post_tag","embeddable":true,"href":"https:\/\/zjarr.tv\/en\/wp-json\/wp\/v2\/tags?post=184097"}],"curies":[{"name":"wp","href":"https:\/\/api.w.org\/{rel}","templated":true}]}}