{"id":184101,"date":"2021-05-23T13:41:47","date_gmt":"2021-05-23T11:41:47","guid":{"rendered":"https:\/\/zjarr.tv\/?p=184101"},"modified":"2021-05-23T13:41:47","modified_gmt":"2021-05-23T11:41:47","slug":"kandidon-per-kreun-e-partise-fatbardh-kadilli-ka-4-kerkesa-per-kryesine-e-pd-se-sfidon-bashen-ne-debat-publik","status":"publish","type":"post","link":"https:\/\/zjarr.tv\/en\/kandidon-per-kreun-e-partise-fatbardh-kadilli-ka-4-kerkesa-per-kryesine-e-pd-se-sfidon-bashen-ne-debat-publik\/","title":{"rendered":"Kandidon p\u00ebr kreun e partis\u00eb, Fatbardh Kadilli ka 4 k\u00ebrkesa p\u00ebr kryesin\u00eb e PD-s\u00eb, sfidon Bash\u00ebn n\u00eb debat publik"},"content":{"rendered":"<p style=\"background: white; margin: 0in 0in 19.5pt 0in;\">Kandidati p\u00ebr kreun e PD-s\u00eb, Fatbardh Kadilli ka b\u00ebr\u00eb nj\u00eb deklarat\u00eb p\u00ebr mediat.<\/p>\n<p style=\"background: white; -webkit-tap-highlight-color: transparent !important; box-sizing: border-box; overflow-wrap: break-word; font-variant-ligatures: normal; font-variant-caps: normal; orphans: 2; widows: 2; -webkit-text-stroke-width: 0px; text-decoration-thickness: initial; text-decoration-style: initial; text-decoration-color: initial; word-spacing: 0px; margin: 0in 0in 19.5pt 0in;\">Ai i ka b\u00ebr\u00eb thirrje kreut aktual t\u00eb PD-s\u00eb, Lulzim Basha q\u00eb t\u00eb miratoj\u00eb formalisht k\u00ebrkesat p\u00ebr kandidim, t\u00eb miratoj\u00eb aktivitetet, \u00e7do kandidati t\u2019i jepet lista e plot\u00eb an\u00ebtar\u00ebsis\u00eb.<\/p>\n<p style=\"background: white; -webkit-tap-highlight-color: transparent !important; box-sizing: border-box; overflow-wrap: break-word; font-variant-ligatures: normal; font-variant-caps: normal; orphans: 2; widows: 2; -webkit-text-stroke-width: 0px; text-decoration-thickness: initial; text-decoration-style: initial; text-decoration-color: initial; word-spacing: 0px; margin: 0in 0in 19.5pt 0in;\">M\u00eb tej ai i ka k\u00ebrkuar Bash\u00ebs nj\u00eb p\u00ebrballje publike n\u00eb media. Duke b\u00ebr\u00eb krahasimin me k\u00ebrkes\u00ebn q\u00eb vet\u00eb Basha i kishte b\u00ebr\u00eb kryeministrit Edi Rama p\u00ebr nj\u00eb p\u00ebrballje publike, Kadilli k\u00ebrkoi q\u00eb ta b\u00ebnte me ta.<\/p>\n<p style=\"background: white; -webkit-tap-highlight-color: transparent !important; box-sizing: border-box; overflow-wrap: break-word; font-variant-ligatures: normal; font-variant-caps: normal; orphans: 2; widows: 2; -webkit-text-stroke-width: 0px; text-decoration-thickness: initial; text-decoration-style: initial; text-decoration-color: initial; word-spacing: 0px; margin: 0in 0in 19.5pt 0in;\">\u201cP\u00ebr gjendjen ku ndodhet PD si forc\u00eb kryesore e opozit\u00ebs, duke patur parasysh tronditjen e thell\u00eb t\u00eb humbjes s\u00eb zgjedhjeve, duke ndjer\u00eb syrin e publikut se si paria m\u00eb e madhe, duke qen\u00eb i bindur p\u00ebr pesh\u00ebn e madhe q\u00eb ka zgjedhja e kryetarit t\u00eb PD-s\u00eb.<\/p>\n<p style=\"background: white; -webkit-tap-highlight-color: transparent !important; box-sizing: border-box; overflow-wrap: break-word; font-variant-ligatures: normal; font-variant-caps: normal; orphans: 2; widows: 2; -webkit-text-stroke-width: 0px; text-decoration-thickness: initial; text-decoration-style: initial; text-decoration-color: initial; word-spacing: 0px; margin: 0in 0in 19.5pt 0in;\">I k\u00ebrkoj kryesis\u00eb s\u00eb PD-s\u00eb q\u00eb t\u00eb miratoj\u00eb edhe formalisht k\u00ebrkesat p\u00ebr kandidimin.<\/p>\n<p style=\"background: white; -webkit-tap-highlight-color: transparent !important; box-sizing: border-box; overflow-wrap: break-word; font-variant-ligatures: normal; font-variant-caps: normal; orphans: 2; widows: 2; -webkit-text-stroke-width: 0px; text-decoration-thickness: initial; text-decoration-style: initial; text-decoration-color: initial; word-spacing: 0px; margin: 0in 0in 19.5pt 0in;\">T\u00eb miratoj\u00eb aktivitete dhe modulet p\u00ebr zgjedhjet q\u00eb t\u00eb komunikoj\u00eb t\u00eb partin\u00eb. T\u00eb ngrij\u00eb e gjith\u00eb administrata.<\/p>\n<p style=\"background: white; -webkit-tap-highlight-color: transparent !important; box-sizing: border-box; overflow-wrap: break-word; font-variant-ligatures: normal; font-variant-caps: normal; orphans: 2; widows: 2; -webkit-text-stroke-width: 0px; text-decoration-thickness: initial; text-decoration-style: initial; text-decoration-color: initial; word-spacing: 0px; margin: 0in 0in 19.5pt 0in;\">\u00c7do kandidati ti jepet lista e plot\u00eb e an\u00ebtar\u00ebsis\u00eb pa nd\u00ebrhyrje. T\u00eb organizohet nj\u00eb p\u00ebrballje publike n\u00eb Shkod\u00ebr, Vlor\u00eb e Tiran\u00eb mes tre kandidat\u00ebve.<\/p>\n<p style=\"background: white; -webkit-tap-highlight-color: transparent !important; box-sizing: border-box; overflow-wrap: break-word; font-variant-ligatures: normal; font-variant-caps: normal; orphans: 2; widows: 2; -webkit-text-stroke-width: 0px; text-decoration-thickness: initial; text-decoration-style: initial; text-decoration-color: initial; word-spacing: 0px; margin: 0in 0in 19.5pt 0in;\">U b\u00ebj thirrje q\u00eb t\u00eb gjith\u00eb demokrat\u00ebve q\u00eb ta shikojn\u00eb si gar\u00eb p\u00ebr t\u00eb ngritur edhe nj\u00ebher\u00eb Partin\u00eb Demokratike.<\/p>\n<p style=\"background: white; -webkit-tap-highlight-color: transparent !important; box-sizing: border-box; overflow-wrap: break-word; font-variant-ligatures: normal; font-variant-caps: normal; orphans: 2; widows: 2; -webkit-text-stroke-width: 0px; text-decoration-thickness: initial; text-decoration-style: initial; text-decoration-color: initial; word-spacing: 0px; margin: 0in 0in 19.5pt 0in;\">At\u00eb q\u00eb ia k\u00ebrkoi Edi Ram\u00ebs, i k\u00ebrkoj Lulzim Bash\u00ebs nj\u00eb debat publik. Fitoren e par\u00eb e kam arritur, pasi u b\u00eb e mundur q\u00eb t\u00eb b\u00ebhet nj\u00eb gar\u00eb n\u00eb k\u00ebt\u00eb parti\u201d,- tha Kadilli.<\/p>\n<p style=\"background: white; margin: 0in 0in 19.5pt 0in;\">\n<p style=\"background: white; margin: 0in 0in 19.5pt 0in;\">","protected":false},"excerpt":{"rendered":"<p>Kandidati p\u00ebr kreun e PD-s\u00eb, Fatbardh Kadilli ka b\u00ebr\u00eb nj\u00eb deklarat\u00eb p\u00ebr mediat. Ai i ka b\u00ebr\u00eb thirrje kreut aktual t\u00eb PD-s\u00eb, Lulzim Basha q\u00eb t\u00eb miratoj\u00eb formalisht k\u00ebrkesat p\u00ebr kandidim, t\u00eb miratoj\u00eb aktivitetet, \u00e7do kandidati t\u2019i jepet lista e plot\u00eb an\u00ebtar\u00ebsis\u00eb. M\u00eb tej ai i ka k\u00ebrkuar Bash\u00ebs nj\u00eb p\u00ebrballje publike n\u00eb media. Duke [&hellip;]<\/p>\n","protected":false},"author":2030,"featured_media":184102,"comment_status":"closed","ping_status":"closed","sticky":false,"template":"","format":"standard","meta":{"footnotes":""},"categories":[241,1454],"tags":[],"class_list":{"0":"post-184101","1":"post","2":"type-post","3":"status-publish","4":"format-standard","5":"has-post-thumbnail","7":"category-aktualitet","8":"category-politike"},"_links":{"self":[{"href":"https:\/\/zjarr.tv\/en\/wp-json\/wp\/v2\/posts\/184101","targetHints":{"allow":["GET"]}}],"collection":[{"href":"https:\/\/zjarr.tv\/en\/wp-json\/wp\/v2\/posts"}],"about":[{"href":"https:\/\/zjarr.tv\/en\/wp-json\/wp\/v2\/types\/post"}],"author":[{"embeddable":true,"href":"https:\/\/zjarr.tv\/en\/wp-json\/wp\/v2\/users\/2030"}],"replies":[{"embeddable":true,"href":"https:\/\/zjarr.tv\/en\/wp-json\/wp\/v2\/comments?post=184101"}],"version-history":[{"count":0,"href":"https:\/\/zjarr.tv\/en\/wp-json\/wp\/v2\/posts\/184101\/revisions"}],"wp:featuredmedia":[{"embeddable":true,"href":"https:\/\/zjarr.tv\/en\/wp-json\/wp\/v2\/media\/184102"}],"wp:attachment":[{"href":"https:\/\/zjarr.tv\/en\/wp-json\/wp\/v2\/media?parent=184101"}],"wp:term":[{"taxonomy":"category","embeddable":true,"href":"https:\/\/zjarr.tv\/en\/wp-json\/wp\/v2\/categories?post=184101"},{"taxonomy":"post_tag","embeddable":true,"href":"https:\/\/zjarr.tv\/en\/wp-json\/wp\/v2\/tags?post=184101"}],"curies":[{"name":"wp","href":"https:\/\/api.w.org\/{rel}","templated":true}]}}