{"id":184117,"date":"2021-05-23T16:40:09","date_gmt":"2021-05-23T14:40:09","guid":{"rendered":"https:\/\/zjarr.tv\/?p=184117"},"modified":"2021-05-23T16:40:09","modified_gmt":"2021-05-23T14:40:09","slug":"mberrijne-60-mije-doza-te-sinovac-ne-aeroportin-nene-tereza-manastirliu-neser-presim-doza-te-tjera","status":"publish","type":"post","link":"https:\/\/zjarr.tv\/en\/mberrijne-60-mije-doza-te-sinovac-ne-aeroportin-nene-tereza-manastirliu-neser-presim-doza-te-tjera\/","title":{"rendered":"Mb\u00ebrrijn\u00eb 60 mij\u00eb doza t\u00eb Sinovac n\u00eb aeroportin \u201cN\u00ebn\u00eb Tereza\u201d, Manastirliu: Nes\u00ebr presim doza t\u00eb tjera"},"content":{"rendered":"<p style=\"background: white; margin: 0in 0in 19.5pt 0in;\">Sapo kan\u00eb mb\u00ebrritur n\u00eb aeroportin e \u201cN\u00ebn\u00eb Terez\u00ebs\u201d 60 mij\u00eb doza t\u00eb vaksin\u00ebs Sinovac.<\/p>\n<p style=\"background: white; -webkit-tap-highlight-color: transparent !important; box-sizing: border-box; overflow-wrap: break-word; font-variant-ligatures: normal; font-variant-caps: normal; orphans: 2; widows: 2; -webkit-text-stroke-width: 0px; text-decoration-thickness: initial; text-decoration-style: initial; text-decoration-color: initial; word-spacing: 0px; margin: 0in 0in 19.5pt 0in;\">N\u00eb nj\u00eb lidhje t\u00eb drejt\u00ebp\u00ebrdrejt\u00eb nga aeroporti ministria e Sh\u00ebndet\u00ebsis\u00eb, Ogerta Manastirlu s\u00eb bahsku me ministrin Arben Ahmetaj kan\u00eb pritur vaksinat.<\/p>\n<p style=\"background: white; -webkit-tap-highlight-color: transparent !important; box-sizing: border-box; overflow-wrap: break-word; font-variant-ligatures: normal; font-variant-caps: normal; orphans: 2; widows: 2; -webkit-text-stroke-width: 0px; text-decoration-thickness: initial; text-decoration-style: initial; text-decoration-color: initial; word-spacing: 0px; margin: 0in 0in 19.5pt 0in;\">Manastirliu \u00ebsht\u00eb shprehur se do t\u00eb vijoj\u00eb vaksinimi me moshat +60 dhe se s\u00eb shpejti do t\u00eb ulet edhe fasha e mosh\u00ebs.<\/p>\n<p style=\"background: white; -webkit-tap-highlight-color: transparent !important; box-sizing: border-box; overflow-wrap: break-word; font-variant-ligatures: normal; font-variant-caps: normal; orphans: 2; widows: 2; -webkit-text-stroke-width: 0px; text-decoration-thickness: initial; text-decoration-style: initial; text-decoration-color: initial; word-spacing: 0px; margin: 0in 0in 19.5pt 0in;\">Ajo u shpreh se t\u00eb nes\u00ebr do t\u00eb vijn\u00eb edhe 14 mij\u00eb doza t\u00eb tjera t\u00eb vaksin\u00ebs, nd\u00ebrsa n\u00eb fund t\u00eb muajit dhe fillim t\u00eb qeroshorit priten edhe 40 mij\u00eb doza AstraZeneca.<\/p>\n<p style=\"background: white; -webkit-tap-highlight-color: transparent !important; box-sizing: border-box; overflow-wrap: break-word; font-variant-ligatures: normal; font-variant-caps: normal; orphans: 2; widows: 2; -webkit-text-stroke-width: 0px; text-decoration-thickness: initial; text-decoration-style: initial; text-decoration-color: initial; word-spacing: 0px; margin: 0in 0in 19.5pt 0in;\">\u201c<em>Sapo kan\u00eb mb\u00ebrritur 60 mij\u00eb doza Sinovac. Pjes\u00eb e kontrat\u00ebs s\u00eb dyt\u00eb, t\u00eb cilat do p\u00ebrdoren p\u00ebr t\u00eb vaksinuar \u00a0gjith\u00eb qytetrat q\u00eb jan\u00eb vaksinuar me doz\u00ebn e par\u00eb dhe do vijojn\u00eb me doz\u00ebn e dyt\u00eb. Jan\u00eb m\u00eb shum\u00eb se 700 mij\u00eb qytetar\u00eb q\u00eb jan\u00eb vaksinuar deri m\u00eb tani. Jemi n\u00eb grupmosh\u00ebn +60 me fokus tek grupet e rriskut.<\/em><\/p>\n<p style=\"background: white; -webkit-tap-highlight-color: transparent !important; box-sizing: border-box; overflow-wrap: break-word; font-variant-ligatures: normal; font-variant-caps: normal; orphans: 2; widows: 2; -webkit-text-stroke-width: 0px; text-decoration-thickness: initial; text-decoration-style: initial; text-decoration-color: initial; word-spacing: 0px; margin: 0in 0in 19.5pt 0in;\"><em>Situata epedimologjike \u00ebsht\u00eb tashm\u00eb e nomalizuar ka nj\u00eb ulur t\u00eb infektimeve dhe vaksinimi masiv ka dh\u00ebn\u00eb impaktin p\u00ebr hospitalizimin dhe fatalitetin. Jemi t\u00eb foksuar q\u00eb t\u00eb kemi 1 milion t\u00eb vaksinuar deri n\u00eb fund t\u00eb muajit qershor.<\/em><\/p>\n<p style=\"background: white; -webkit-tap-highlight-color: transparent !important; box-sizing: border-box; overflow-wrap: break-word; font-variant-ligatures: normal; font-variant-caps: normal; orphans: 2; widows: 2; -webkit-text-stroke-width: 0px; text-decoration-thickness: initial; text-decoration-style: initial; text-decoration-color: initial; word-spacing: 0px; margin: 0in 0in 19.5pt 0in;\"><em>Nes\u00ebr mbrrijn\u00eb 14 mij\u00eb doza me Pfizer brenda muajit maj presim t\u00eb vij\u00ebn edhe 40 mij\u00eb t\u00eb astrazenec\u00ebs nga Covax. Dhe do vijojm\u00eb me intensifikimin, duke ulur edhe mosh\u00ebn e vaksin\u00ebs,\u201d<\/em> tha Manastirliu.<\/p>\n<p style=\"background: white; margin: 0in 0in 19.5pt 0in;\">","protected":false},"excerpt":{"rendered":"<p>Sapo kan\u00eb mb\u00ebrritur n\u00eb aeroportin e \u201cN\u00ebn\u00eb Terez\u00ebs\u201d 60 mij\u00eb doza t\u00eb vaksin\u00ebs Sinovac. N\u00eb nj\u00eb lidhje t\u00eb drejt\u00ebp\u00ebrdrejt\u00eb nga aeroporti ministria e Sh\u00ebndet\u00ebsis\u00eb, Ogerta Manastirlu s\u00eb bahsku me ministrin Arben Ahmetaj kan\u00eb pritur vaksinat. Manastirliu \u00ebsht\u00eb shprehur se do t\u00eb vijoj\u00eb vaksinimi me moshat +60 dhe se s\u00eb shpejti do t\u00eb ulet edhe fasha [&hellip;]<\/p>\n","protected":false},"author":2030,"featured_media":184118,"comment_status":"closed","ping_status":"closed","sticky":false,"template":"","format":"standard","meta":{"footnotes":""},"categories":[241],"tags":[],"class_list":{"0":"post-184117","1":"post","2":"type-post","3":"status-publish","4":"format-standard","5":"has-post-thumbnail","7":"category-aktualitet"},"_links":{"self":[{"href":"https:\/\/zjarr.tv\/en\/wp-json\/wp\/v2\/posts\/184117","targetHints":{"allow":["GET"]}}],"collection":[{"href":"https:\/\/zjarr.tv\/en\/wp-json\/wp\/v2\/posts"}],"about":[{"href":"https:\/\/zjarr.tv\/en\/wp-json\/wp\/v2\/types\/post"}],"author":[{"embeddable":true,"href":"https:\/\/zjarr.tv\/en\/wp-json\/wp\/v2\/users\/2030"}],"replies":[{"embeddable":true,"href":"https:\/\/zjarr.tv\/en\/wp-json\/wp\/v2\/comments?post=184117"}],"version-history":[{"count":0,"href":"https:\/\/zjarr.tv\/en\/wp-json\/wp\/v2\/posts\/184117\/revisions"}],"wp:featuredmedia":[{"embeddable":true,"href":"https:\/\/zjarr.tv\/en\/wp-json\/wp\/v2\/media\/184118"}],"wp:attachment":[{"href":"https:\/\/zjarr.tv\/en\/wp-json\/wp\/v2\/media?parent=184117"}],"wp:term":[{"taxonomy":"category","embeddable":true,"href":"https:\/\/zjarr.tv\/en\/wp-json\/wp\/v2\/categories?post=184117"},{"taxonomy":"post_tag","embeddable":true,"href":"https:\/\/zjarr.tv\/en\/wp-json\/wp\/v2\/tags?post=184117"}],"curies":[{"name":"wp","href":"https:\/\/api.w.org\/{rel}","templated":true}]}}