{"id":184121,"date":"2021-05-23T17:06:17","date_gmt":"2021-05-23T15:06:17","guid":{"rendered":"https:\/\/zjarr.tv\/?p=184121"},"modified":"2021-05-23T17:06:17","modified_gmt":"2021-05-23T15:06:17","slug":"perkujtimi-i-giovanni-falco-s-8-vite-ne-pushtet-nuk-kane-mjaftuar-per-bracen-ende-problem-pandeshkueshmeria-ne-shqiperi-duhet-levizje-e-forte","status":"publish","type":"post","link":"https:\/\/zjarr.tv\/en\/perkujtimi-i-giovanni-falco-s-8-vite-ne-pushtet-nuk-kane-mjaftuar-per-bracen-ende-problem-pandeshkueshmeria-ne-shqiperi-duhet-levizje-e-forte\/","title":{"rendered":"P\u00ebrkujtimi i Giovanni Falco-s, 8 vite n\u00eb pushtet nuk kan\u00eb mjaftuar p\u00ebr Bra\u00e7en: Ende problem pand\u00ebshkueshm\u00ebria n\u00eb Shqip\u00ebri, duhet l\u00ebvizje e fort\u00eb"},"content":{"rendered":"<p>Zv\/Kryeministri Erion Bra\u00e7e ka deklaruar dit\u00ebn e sotme se pand\u00ebshkueshm\u00ebria vazhdon t\u00eb mbetet nj\u00eb problem p\u00ebr shtetin shqiptar, prandaj duhet nj\u00eb l\u00ebvizje e fort\u00eb kund\u00ebr krimit t\u00eb organizuar dhe korrupsionit.<\/p>\n<p>Duke kujtuar\u00a029-vjetorin e vrasjes s\u00eb\u00a0gjyqtarit italian\u00a0Giovanni Falcone, zv\/Kryeministri u shpreh se lufta kund\u00ebr krimit t\u00eb organizuar dhe korrupsionit nuk \u00ebsht\u00eb \u00e7\u00ebshtje pushke por \u00e7\u00ebshtje vullneti, kurajo dhe k\u00ebmb\u00ebnguljeje.<\/p>\n<p>M\u00eb tej, Bra\u00e7e pretendon se nj\u00eb er\u00eb e re ka nisur n\u00eb vendin ton\u00eb, ku sipas tij tashm\u00eb po nd\u00ebshkohen prokuror\u00ebt, gjykat\u00ebsit dhe politikan\u00ebt e korruptuar.<\/p>\n<p><strong>Postimi i plot\u00eb:<\/strong><\/p>\n<p><em>LUFTA KUNDER KRIMIT, KRIMIT TE ORGANIZUAR APO MAFIEVE, NUK ESHTE CESHTJE PUSHKE! ESHTE CESHTJE VULLNETI, KURAJOJE, KEMBENGULJEJE, VENDOSMERIE, DISTANCE, TOLERANCE ZERO, SAKRIFICE! GIOVANNI FALCONE E PAOLO BORSELINO VLEJNE PER KETE! Shqiperia ka ende problem te madh PANDESHKUESHMERINE, PABARAZINE PARA LIGJIT; Per kete arsye heronj negative dhe ende jo pozitive ne rradhet e #DREJTESISE! Por nje ere e re ka nisur; PO PREKEN PROKURORET E KORRUPTUAR, GJYKATESIT E KORRUPTUAR, POLITIKANET E KORRUPTUAR; Tani duhet ndeshkueshmeri e qarte dhe gjithperfshirese ndaj grupeve kriminale, sipermarresve te korruptuar qe sherbejne si banka e lavatrice per ta, gjithashtu! Tani, duhet nje levizje e forte kunder korrupsionit e krimit te organizuar deri ne nivelin e nje kulture te re perfshirese per barazi para ligjit, ndeshkim ndaj gjithkujt qe perfshihet ne korrupsion e krim!<\/em><\/p>","protected":false},"excerpt":{"rendered":"<p>Zv\/Kryeministri Erion Bra\u00e7e ka deklaruar dit\u00ebn e sotme se pand\u00ebshkueshm\u00ebria vazhdon t\u00eb mbetet nj\u00eb problem p\u00ebr shtetin shqiptar, prandaj duhet nj\u00eb l\u00ebvizje e fort\u00eb kund\u00ebr krimit t\u00eb organizuar dhe korrupsionit. Duke kujtuar\u00a029-vjetorin e vrasjes s\u00eb\u00a0gjyqtarit italian\u00a0Giovanni Falcone, zv\/Kryeministri u shpreh se lufta kund\u00ebr krimit t\u00eb organizuar dhe korrupsionit nuk \u00ebsht\u00eb \u00e7\u00ebshtje pushke por \u00e7\u00ebshtje vullneti, [&hellip;]<\/p>\n","protected":false},"author":2030,"featured_media":184122,"comment_status":"closed","ping_status":"closed","sticky":false,"template":"","format":"standard","meta":{"footnotes":""},"categories":[241,1454],"tags":[],"class_list":{"0":"post-184121","1":"post","2":"type-post","3":"status-publish","4":"format-standard","5":"has-post-thumbnail","7":"category-aktualitet","8":"category-politike"},"_links":{"self":[{"href":"https:\/\/zjarr.tv\/en\/wp-json\/wp\/v2\/posts\/184121","targetHints":{"allow":["GET"]}}],"collection":[{"href":"https:\/\/zjarr.tv\/en\/wp-json\/wp\/v2\/posts"}],"about":[{"href":"https:\/\/zjarr.tv\/en\/wp-json\/wp\/v2\/types\/post"}],"author":[{"embeddable":true,"href":"https:\/\/zjarr.tv\/en\/wp-json\/wp\/v2\/users\/2030"}],"replies":[{"embeddable":true,"href":"https:\/\/zjarr.tv\/en\/wp-json\/wp\/v2\/comments?post=184121"}],"version-history":[{"count":0,"href":"https:\/\/zjarr.tv\/en\/wp-json\/wp\/v2\/posts\/184121\/revisions"}],"wp:featuredmedia":[{"embeddable":true,"href":"https:\/\/zjarr.tv\/en\/wp-json\/wp\/v2\/media\/184122"}],"wp:attachment":[{"href":"https:\/\/zjarr.tv\/en\/wp-json\/wp\/v2\/media?parent=184121"}],"wp:term":[{"taxonomy":"category","embeddable":true,"href":"https:\/\/zjarr.tv\/en\/wp-json\/wp\/v2\/categories?post=184121"},{"taxonomy":"post_tag","embeddable":true,"href":"https:\/\/zjarr.tv\/en\/wp-json\/wp\/v2\/tags?post=184121"}],"curies":[{"name":"wp","href":"https:\/\/api.w.org\/{rel}","templated":true}]}}