{"id":184125,"date":"2021-05-23T17:21:02","date_gmt":"2021-05-23T15:21:02","guid":{"rendered":"https:\/\/zjarr.tv\/?p=184125"},"modified":"2021-05-23T17:21:02","modified_gmt":"2021-05-23T15:21:02","slug":"banoret-proteste-ne-kurbin-per-spitalin-e-premtuar","status":"publish","type":"post","link":"https:\/\/zjarr.tv\/en\/banoret-proteste-ne-kurbin-per-spitalin-e-premtuar\/","title":{"rendered":"Banor\u00ebt protest\u00eb n\u00eb Kurbin p\u00ebr spitalin e premtuar"},"content":{"rendered":"<p>Mungesa e spitalit prej afro dy vitesh, ka ngritur n\u00eb proteste aktivitetet e shoq\u00ebris\u00eb civile n\u00eb Kurbin.<\/p>\n<p>Ata jan\u00eb mbledhur para kantierit ku ka nisur nd\u00ebrtimi i spitalit t\u00eb ri, punimet ne te cilin jan\u00eb nd\u00ebrprer\u00eb prej 2 muajsh.<\/p>\n<p>Rreth 70 mij\u00eb banor\u00eb t\u00eb Kurbinit ka ngelur pa sh\u00ebrbim sh\u00ebndet\u00ebsor q\u00eb prej t\u00ebrmetit tragjik t\u00eb 26 n\u00ebntorit 2019, pasi spitali u d\u00ebmtua.<\/p>\n<p>Aktivist\u00ebt akuzojn\u00eb qeverin\u00eb shqiptare p\u00ebr mashtrim, pasi referuar tabel\u00ebs spitali do t\u00eb ishte gati m\u00eb 4 qershor.<\/p>\n<p><img loading=\"lazy\" decoding=\"async\" class=\"alignnone size-medium wp-image-184127\" src=\"https:\/\/zjarr.tv\/wp-content\/uploads\/2021\/05\/Untitled-design-2021-05-23T172107.928-300x251.jpg\" alt=\"\" width=\"300\" height=\"251\" srcset=\"https:\/\/zjarr.tv\/wp-content\/uploads\/2021\/05\/Untitled-design-2021-05-23T172107.928-300x251.jpg 300w, https:\/\/zjarr.tv\/wp-content\/uploads\/2021\/05\/Untitled-design-2021-05-23T172107.928-768x644.jpg 768w, https:\/\/zjarr.tv\/wp-content\/uploads\/2021\/05\/Untitled-design-2021-05-23T172107.928-696x583.jpg 696w, https:\/\/zjarr.tv\/wp-content\/uploads\/2021\/05\/Untitled-design-2021-05-23T172107.928-501x420.jpg 501w, https:\/\/zjarr.tv\/wp-content\/uploads\/2021\/05\/Untitled-design-2021-05-23T172107.928.jpg 940w\" sizes=\"auto, (max-width: 300px) 100vw, 300px\" \/><\/p>","protected":false},"excerpt":{"rendered":"<p>Mungesa e spitalit prej afro dy vitesh, ka ngritur n\u00eb proteste aktivitetet e shoq\u00ebris\u00eb civile n\u00eb Kurbin. Ata jan\u00eb mbledhur para kantierit ku ka nisur nd\u00ebrtimi i spitalit t\u00eb ri, punimet ne te cilin jan\u00eb nd\u00ebrprer\u00eb prej 2 muajsh. Rreth 70 mij\u00eb banor\u00eb t\u00eb Kurbinit ka ngelur pa sh\u00ebrbim sh\u00ebndet\u00ebsor q\u00eb prej t\u00ebrmetit tragjik t\u00eb [&hellip;]<\/p>\n","protected":false},"author":2030,"featured_media":184126,"comment_status":"closed","ping_status":"closed","sticky":false,"template":"","format":"standard","meta":{"footnotes":""},"categories":[241],"tags":[],"class_list":{"0":"post-184125","1":"post","2":"type-post","3":"status-publish","4":"format-standard","5":"has-post-thumbnail","7":"category-aktualitet"},"_links":{"self":[{"href":"https:\/\/zjarr.tv\/en\/wp-json\/wp\/v2\/posts\/184125","targetHints":{"allow":["GET"]}}],"collection":[{"href":"https:\/\/zjarr.tv\/en\/wp-json\/wp\/v2\/posts"}],"about":[{"href":"https:\/\/zjarr.tv\/en\/wp-json\/wp\/v2\/types\/post"}],"author":[{"embeddable":true,"href":"https:\/\/zjarr.tv\/en\/wp-json\/wp\/v2\/users\/2030"}],"replies":[{"embeddable":true,"href":"https:\/\/zjarr.tv\/en\/wp-json\/wp\/v2\/comments?post=184125"}],"version-history":[{"count":0,"href":"https:\/\/zjarr.tv\/en\/wp-json\/wp\/v2\/posts\/184125\/revisions"}],"wp:featuredmedia":[{"embeddable":true,"href":"https:\/\/zjarr.tv\/en\/wp-json\/wp\/v2\/media\/184126"}],"wp:attachment":[{"href":"https:\/\/zjarr.tv\/en\/wp-json\/wp\/v2\/media?parent=184125"}],"wp:term":[{"taxonomy":"category","embeddable":true,"href":"https:\/\/zjarr.tv\/en\/wp-json\/wp\/v2\/categories?post=184125"},{"taxonomy":"post_tag","embeddable":true,"href":"https:\/\/zjarr.tv\/en\/wp-json\/wp\/v2\/tags?post=184125"}],"curies":[{"name":"wp","href":"https:\/\/api.w.org\/{rel}","templated":true}]}}