{"id":184130,"date":"2021-05-23T17:37:22","date_gmt":"2021-05-23T15:37:22","guid":{"rendered":"https:\/\/zjarr.tv\/?p=184130"},"modified":"2021-05-23T17:37:22","modified_gmt":"2021-05-23T15:37:22","slug":"veliaj-publikon-foton-hera-e-pare-e-kajan-ne-butrint-e-paharrueshme","status":"publish","type":"post","link":"https:\/\/zjarr.tv\/en\/veliaj-publikon-foton-hera-e-pare-e-kajan-ne-butrint-e-paharrueshme\/","title":{"rendered":"Veliaj publikon foton: Hera e par\u00eb e Kajan n\u00eb Butrint, e paharrueshme!"},"content":{"rendered":"<p style=\"background: white; margin: 0in 0in 19.5pt 0in;\">Kryebashkiaku i Tiran\u00ebs Erion Veliaj, bashk\u00ebshortja e tij Ajola Xoxa dhe djali i tyre Kajan t\u00eb shtun\u00ebn e kaluan n\u00eb Butrint.<\/p>\n<p style=\"background: white; -webkit-tap-highlight-color: transparent !important; box-sizing: border-box; overflow-wrap: break-word; font-variant-ligatures: normal; font-variant-caps: normal; orphans: 2; widows: 2; -webkit-text-stroke-width: 0px; text-decoration-thickness: initial; text-decoration-style: initial; text-decoration-color: initial; word-spacing: 0px; margin: 0in 0in 19.5pt 0in;\">Veliaj ndau me ndjek\u00ebsit n\u00eb Instagram nj\u00eb foto me Kajan. Kajani ka hipur mbi shpatullat e babi Erionit dhe t\u00eb dy shijojn\u00eb panoram\u00ebn q\u00eb ofron Butrinti.<\/p>\n<p style=\"background: white; -webkit-tap-highlight-color: transparent !important; box-sizing: border-box; overflow-wrap: break-word; font-variant-ligatures: normal; font-variant-caps: normal; orphans: 2; widows: 2; -webkit-text-stroke-width: 0px; text-decoration-thickness: initial; text-decoration-style: initial; text-decoration-color: initial; word-spacing: 0px; margin: 0in 0in 19.5pt 0in;\">E nd\u00ebrsa poston foton, Veliaj shkruan se kjo her\u00eb e par\u00eb e Kajanit n\u00eb Butrint do t\u00eb jet\u00eb e paharrueshme.<\/p>\n<p style=\"background: white; -webkit-tap-highlight-color: transparent !important; box-sizing: border-box; overflow-wrap: break-word; font-variant-ligatures: normal; font-variant-caps: normal; orphans: 2; widows: 2; -webkit-text-stroke-width: 0px; text-decoration-thickness: initial; text-decoration-style: initial; text-decoration-color: initial; word-spacing: 0px; margin: 0in 0in 19.5pt 0in;\">\u201cEc kali ec! Hera e par\u00eb n\u00eb Butrint, e paharrueshme!\u201d, shkroi Veliaj.<\/p>\n<p><img loading=\"lazy\" decoding=\"async\" class=\"alignnone size-medium wp-image-184132\" src=\"https:\/\/zjarr.tv\/wp-content\/uploads\/2021\/05\/Untitled-design-2021-05-23T173711.148-300x251.jpg\" alt=\"\" width=\"300\" height=\"251\" srcset=\"https:\/\/zjarr.tv\/wp-content\/uploads\/2021\/05\/Untitled-design-2021-05-23T173711.148-300x251.jpg 300w, https:\/\/zjarr.tv\/wp-content\/uploads\/2021\/05\/Untitled-design-2021-05-23T173711.148-768x644.jpg 768w, https:\/\/zjarr.tv\/wp-content\/uploads\/2021\/05\/Untitled-design-2021-05-23T173711.148-696x583.jpg 696w, https:\/\/zjarr.tv\/wp-content\/uploads\/2021\/05\/Untitled-design-2021-05-23T173711.148-501x420.jpg 501w, https:\/\/zjarr.tv\/wp-content\/uploads\/2021\/05\/Untitled-design-2021-05-23T173711.148.jpg 940w\" sizes=\"auto, (max-width: 300px) 100vw, 300px\" \/><\/p>","protected":false},"excerpt":{"rendered":"<p>Kryebashkiaku i Tiran\u00ebs Erion Veliaj, bashk\u00ebshortja e tij Ajola Xoxa dhe djali i tyre Kajan t\u00eb shtun\u00ebn e kaluan n\u00eb Butrint. Veliaj ndau me ndjek\u00ebsit n\u00eb Instagram nj\u00eb foto me Kajan. Kajani ka hipur mbi shpatullat e babi Erionit dhe t\u00eb dy shijojn\u00eb panoram\u00ebn q\u00eb ofron Butrinti. E nd\u00ebrsa poston foton, Veliaj shkruan se kjo [&hellip;]<\/p>\n","protected":false},"author":2030,"featured_media":184131,"comment_status":"closed","ping_status":"closed","sticky":false,"template":"","format":"standard","meta":{"footnotes":""},"categories":[241],"tags":[],"class_list":{"0":"post-184130","1":"post","2":"type-post","3":"status-publish","4":"format-standard","5":"has-post-thumbnail","7":"category-aktualitet"},"_links":{"self":[{"href":"https:\/\/zjarr.tv\/en\/wp-json\/wp\/v2\/posts\/184130","targetHints":{"allow":["GET"]}}],"collection":[{"href":"https:\/\/zjarr.tv\/en\/wp-json\/wp\/v2\/posts"}],"about":[{"href":"https:\/\/zjarr.tv\/en\/wp-json\/wp\/v2\/types\/post"}],"author":[{"embeddable":true,"href":"https:\/\/zjarr.tv\/en\/wp-json\/wp\/v2\/users\/2030"}],"replies":[{"embeddable":true,"href":"https:\/\/zjarr.tv\/en\/wp-json\/wp\/v2\/comments?post=184130"}],"version-history":[{"count":0,"href":"https:\/\/zjarr.tv\/en\/wp-json\/wp\/v2\/posts\/184130\/revisions"}],"wp:featuredmedia":[{"embeddable":true,"href":"https:\/\/zjarr.tv\/en\/wp-json\/wp\/v2\/media\/184131"}],"wp:attachment":[{"href":"https:\/\/zjarr.tv\/en\/wp-json\/wp\/v2\/media?parent=184130"}],"wp:term":[{"taxonomy":"category","embeddable":true,"href":"https:\/\/zjarr.tv\/en\/wp-json\/wp\/v2\/categories?post=184130"},{"taxonomy":"post_tag","embeddable":true,"href":"https:\/\/zjarr.tv\/en\/wp-json\/wp\/v2\/tags?post=184130"}],"curies":[{"name":"wp","href":"https:\/\/api.w.org\/{rel}","templated":true}]}}