{"id":184147,"date":"2021-05-23T18:34:39","date_gmt":"2021-05-23T16:34:39","guid":{"rendered":"https:\/\/zjarr.tv\/?p=184147"},"modified":"2021-05-23T18:34:39","modified_gmt":"2021-05-23T16:34:39","slug":"mblidhet-kryesia-e-pd-ne-seline-blu-basha-nuk-merr-pjese-shkon-ne-9-numri-i-kandidateve-per-kryetarin-e-ri-te-pd-se","status":"publish","type":"post","link":"https:\/\/zjarr.tv\/en\/mblidhet-kryesia-e-pd-ne-seline-blu-basha-nuk-merr-pjese-shkon-ne-9-numri-i-kandidateve-per-kryetarin-e-ri-te-pd-se\/","title":{"rendered":"Mblidhet Kryesia e PD n\u00eb selin\u00eb blu, Basha nuk merr pjes\u00eb, shkon n\u00eb 9 numri i kandidat\u00ebve p\u00ebr kryetarin e ri t\u00eb PD-s\u00eb"},"content":{"rendered":"<p style=\"background: white; margin: 0in 0in 19.5pt 0in;\"><span style=\"background: white;\">Kryesia e Partis\u00eb Demokratike \u00ebhst\u00eb mbledhur n\u00eb selin\u00eb blu, p\u00ebr t\u00eb vendosur p\u00ebr kandidat\u00ebt q\u00eb do t\u00eb garrojn\u00eb p\u00ebrball\u00eb Lulzim Bash\u00ebs n\u00eb 13 qershor p\u00ebr kreun e ri t\u00eb PD.<\/span><br style=\"-webkit-tap-highlight-color: transparent !important; box-sizing: border-box; font-variant-ligatures: normal; font-variant-caps: normal; orphans: 2; widows: 2; -webkit-text-stroke-width: 0px; text-decoration-thickness: initial; text-decoration-style: initial; text-decoration-color: initial; word-spacing: 0px;\" \/><br style=\"-webkit-tap-highlight-color: transparent !important; box-sizing: border-box; font-variant-ligatures: normal; font-variant-caps: normal; orphans: 2; widows: 2; -webkit-text-stroke-width: 0px; text-decoration-thickness: initial; text-decoration-style: initial; text-decoration-color: initial; word-spacing: 0px;\" \/><span style=\"background: white;\"><span style=\"font-variant-ligatures: normal; font-variant-caps: normal; orphans: 2; widows: 2; -webkit-text-stroke-width: 0px; text-decoration-thickness: initial; text-decoration-style: initial; text-decoration-color: initial; float: none; word-spacing: 0px;\">Kryetari aktual i PD-s\u00eb, Lulzim Basha, nuk do t\u00eb marr\u00eb pjes\u00eb n\u00eb k\u00ebt\u00eb mbledhje p\u00ebr t\u00eb shmangur p\u00ebrplasjet me kandidat\u00ebt e tjer\u00eb.<\/span><\/span><br style=\"-webkit-tap-highlight-color: transparent !important; box-sizing: border-box; font-variant-ligatures: normal; font-variant-caps: normal; orphans: 2; widows: 2; -webkit-text-stroke-width: 0px; text-decoration-thickness: initial; text-decoration-style: initial; text-decoration-color: initial; word-spacing: 0px;\" \/><br style=\"-webkit-tap-highlight-color: transparent !important; box-sizing: border-box; font-variant-ligatures: normal; font-variant-caps: normal; orphans: 2; widows: 2; -webkit-text-stroke-width: 0px; text-decoration-thickness: initial; text-decoration-style: initial; text-decoration-color: initial; word-spacing: 0px;\" \/><span style=\"background: white;\"><span style=\"font-variant-ligatures: normal; font-variant-caps: normal; orphans: 2; widows: 2; -webkit-text-stroke-width: 0px; text-decoration-thickness: initial; text-decoration-style: initial; text-decoration-color: initial; float: none; word-spacing: 0px;\">Formularin p\u00ebr t\u00eb kandiduar p\u00ebr kryetar e kan\u00eb plot\u00ebsuar Lulzim Basha, Agron Shehaj, Edith Harxhi, Fatbardh Kadilli dhe Ibsen Elezi dhe 4 t\u00eb tjer\u00eb, por emrat e tyre nuk jan\u00eb b\u00ebr\u00eb publik\u00eb<\/span><\/span><br style=\"-webkit-tap-highlight-color: transparent !important; box-sizing: border-box; font-variant-ligatures: normal; font-variant-caps: normal; orphans: 2; widows: 2; -webkit-text-stroke-width: 0px; text-decoration-thickness: initial; text-decoration-style: initial; text-decoration-color: initial; word-spacing: 0px;\" \/><br style=\"-webkit-tap-highlight-color: transparent !important; box-sizing: border-box; font-variant-ligatures: normal; font-variant-caps: normal; orphans: 2; widows: 2; -webkit-text-stroke-width: 0px; text-decoration-thickness: initial; text-decoration-style: initial; text-decoration-color: initial; word-spacing: 0px;\" \/><span style=\"background: white;\"><span style=\"font-variant-ligatures: normal; font-variant-caps: normal; orphans: 2; widows: 2; -webkit-text-stroke-width: 0px; text-decoration-thickness: initial; text-decoration-style: initial; text-decoration-color: initial; float: none; word-spacing: 0px;\">Kandidat\u00ebt do t\u00eb ken\u00eb 12 dit\u00eb koh\u00eb p\u00ebr t\u00eb zhvilluar fushat\u00ebn n\u00eb t\u00eb gjith\u00eb strukturat e PD-s\u00eb n\u00eb rrethe, nd\u00ebrkoh\u00eb q\u00eb 13 qershori do t\u00eb jet\u00eb dita e votimit.<\/span><\/span><\/p>","protected":false},"excerpt":{"rendered":"<p>Kryesia e Partis\u00eb Demokratike \u00ebhst\u00eb mbledhur n\u00eb selin\u00eb blu, p\u00ebr t\u00eb vendosur p\u00ebr kandidat\u00ebt q\u00eb do t\u00eb garrojn\u00eb p\u00ebrball\u00eb Lulzim Bash\u00ebs n\u00eb 13 qershor p\u00ebr kreun e ri t\u00eb PD.Kryetari aktual i PD-s\u00eb, Lulzim Basha, nuk do t\u00eb marr\u00eb pjes\u00eb n\u00eb k\u00ebt\u00eb mbledhje p\u00ebr t\u00eb shmangur p\u00ebrplasjet me kandidat\u00ebt e tjer\u00eb.Formularin p\u00ebr t\u00eb kandiduar p\u00ebr [&hellip;]<\/p>\n","protected":false},"author":2030,"featured_media":184148,"comment_status":"closed","ping_status":"closed","sticky":false,"template":"","format":"standard","meta":{"footnotes":""},"categories":[241,1454],"tags":[],"class_list":{"0":"post-184147","1":"post","2":"type-post","3":"status-publish","4":"format-standard","5":"has-post-thumbnail","7":"category-aktualitet","8":"category-politike"},"_links":{"self":[{"href":"https:\/\/zjarr.tv\/en\/wp-json\/wp\/v2\/posts\/184147","targetHints":{"allow":["GET"]}}],"collection":[{"href":"https:\/\/zjarr.tv\/en\/wp-json\/wp\/v2\/posts"}],"about":[{"href":"https:\/\/zjarr.tv\/en\/wp-json\/wp\/v2\/types\/post"}],"author":[{"embeddable":true,"href":"https:\/\/zjarr.tv\/en\/wp-json\/wp\/v2\/users\/2030"}],"replies":[{"embeddable":true,"href":"https:\/\/zjarr.tv\/en\/wp-json\/wp\/v2\/comments?post=184147"}],"version-history":[{"count":0,"href":"https:\/\/zjarr.tv\/en\/wp-json\/wp\/v2\/posts\/184147\/revisions"}],"wp:featuredmedia":[{"embeddable":true,"href":"https:\/\/zjarr.tv\/en\/wp-json\/wp\/v2\/media\/184148"}],"wp:attachment":[{"href":"https:\/\/zjarr.tv\/en\/wp-json\/wp\/v2\/media?parent=184147"}],"wp:term":[{"taxonomy":"category","embeddable":true,"href":"https:\/\/zjarr.tv\/en\/wp-json\/wp\/v2\/categories?post=184147"},{"taxonomy":"post_tag","embeddable":true,"href":"https:\/\/zjarr.tv\/en\/wp-json\/wp\/v2\/tags?post=184147"}],"curies":[{"name":"wp","href":"https:\/\/api.w.org\/{rel}","templated":true}]}}