{"id":184155,"date":"2021-05-23T18:58:01","date_gmt":"2021-05-23T16:58:01","guid":{"rendered":"https:\/\/zjarr.tv\/?p=184155"},"modified":"2021-05-23T18:58:01","modified_gmt":"2021-05-23T16:58:01","slug":"shpallja-non-grata-e-sali-berishes-flet-avokati-altin-goxhaj-eshte-pjese-e-planit-per-shpopullimin-e-shqiperise","status":"publish","type":"post","link":"https:\/\/zjarr.tv\/en\/shpallja-non-grata-e-sali-berishes-flet-avokati-altin-goxhaj-eshte-pjese-e-planit-per-shpopullimin-e-shqiperise\/","title":{"rendered":"Shpallja \u201cnon grata\u201d e Sali Berish\u00ebs, flet avokati Altin Goxhaj: \u00cbsht\u00eb pjes\u00eb e planit p\u00ebr shpopullimin e Shqip\u00ebris\u00eb"},"content":{"rendered":"<p style=\"background: white; margin: 0in 0in 19.5pt 0in;\">Avokati Altin Goxhaj e ka quajtur pjes\u00eb t\u00eb planit p\u00ebr shpopullimin e Shqip\u00ebris\u00eb shpalljen \u201cnon grata\u201d t\u00eb ish-kryeministrit Sali Berisha.<br style=\"-webkit-tap-highlight-color: transparent !important; box-sizing: border-box;\" \/><br style=\"-webkit-tap-highlight-color: transparent !important; box-sizing: border-box;\" \/>Ai tha se me k\u00ebt\u00eb q\u00eb ndodhi nuk e ka p\u00ebsuar vet\u00ebm Sali Berisha, por e gjith\u00eb Shqip\u00ebria. Sipas tij, pjes\u00eb e planit \u00ebsht\u00eb popullimi i Shqip\u00ebris\u00eb me shtetas nga Afrika dhe Lindja e Mesme.<br style=\"-webkit-tap-highlight-color: transparent !important; box-sizing: border-box;\" \/><br style=\"-webkit-tap-highlight-color: transparent !important; box-sizing: border-box;\" \/>Goxhaj u shpreh n\u00eb Fax News se provat q\u00eb k\u00ebrkon Berisha p\u00ebr shpalljen \u201cnon grata\u201d i ka Lulzim Basha, pasi ky \u00ebsht\u00eb nj\u00eb kurth i mir\u00ebmenduar p\u00ebr 8 vite, n\u00eb t\u00eb cilin ra ish-kryeministri.<br style=\"-webkit-tap-highlight-color: transparent !important; box-sizing: border-box;\" \/><br style=\"-webkit-tap-highlight-color: transparent !important; box-sizing: border-box;\" \/>\u201c<em>Nga raportet q\u00eb kan\u00eb ardhur nga Organizata nd\u00ebrkomb\u00ebtare, thuhet se n\u00eb vitin 2017 n\u00eb Shqip\u00ebri pati nj\u00eb problem, ishte cadra, duke qen\u00eb kjo nuk futeshin as n\u00eb zgjedhje, dhe kur hyn\u00eb i humb\u00ebn zgjedhjet n\u00eb m\u00ebnyr\u00eb spektakolare. N\u00eb 2019, hoq\u00ebn dor\u00eb nga mandatet, m\u00eb pas t\u00eb gjitha bashkit\u00eb i merr vet\u00ebm nj\u00ebra parti.<\/em><\/p>\n<p style=\"background: white; -webkit-tap-highlight-color: transparent !important; box-sizing: border-box; overflow-wrap: break-word; font-variant-ligatures: normal; font-variant-caps: normal; orphans: 2; widows: 2; -webkit-text-stroke-width: 0px; text-decoration-thickness: initial; text-decoration-style: initial; text-decoration-color: initial; word-spacing: 0px; margin: 0in 0in 19.5pt 0in;\"><em>N\u00eb 2021, PD ia ka l\u00ebn\u00eb hap\u00ebsir\u00ebn PS dhe ne kuptojm\u00eb se n\u00eb zgjedhjet e ardhshme, nuk mund t\u00eb fitohen m\u00eb zgjedhjet nga demokrat\u00ebt.<\/em><\/p>\n<p style=\"background: white; -webkit-tap-highlight-color: transparent !important; box-sizing: border-box; overflow-wrap: break-word; font-variant-ligatures: normal; font-variant-caps: normal; orphans: 2; widows: 2; -webkit-text-stroke-width: 0px; text-decoration-thickness: initial; text-decoration-style: initial; text-decoration-color: initial; word-spacing: 0px; margin: 0in 0in 19.5pt 0in;\"><em>Pse \u00ebsht\u00eb Sali Berisha problemi? Sepse nga raportet e dh\u00ebna nga organizatat, thuhet se Lulzim Basha ka pranuar se nuk ka n\u00eb dor\u00eb asnj\u00eb lloj veprimi apo vendimi brenda PD-s\u00eb. Duke i faturuar t\u00eb gjitha k\u00ebto Sali Berish\u00ebs.<\/em><\/p>\n<p style=\"background: white; -webkit-tap-highlight-color: transparent !important; box-sizing: border-box; overflow-wrap: break-word; font-variant-ligatures: normal; font-variant-caps: normal; orphans: 2; widows: 2; -webkit-text-stroke-width: 0px; text-decoration-thickness: initial; text-decoration-style: initial; text-decoration-color: initial; word-spacing: 0px; margin: 0in 0in 19.5pt 0in;\"><em>Efekti Domino, Rama i b\u00ebn ftes\u00eb Bash\u00ebs p\u00ebr bashk\u00ebqeverisje, reagojn\u00eb Meta dhe Berisha t\u00eb cil\u00ebt thon\u00eb se nuk ka shans p\u00ebr dicka t\u00eb till\u00eb. Problemi sipas tyre \u00ebsht\u00eb t\u00eb heqin qafe Sali Berish\u00ebn. Un\u00eb kam pasur frik\u00eb q\u00eb amerikan\u00ebt po mb\u00ebshtesnin agjend\u00ebn e Sorosit p\u00ebr shpopullimin e Shqip\u00ebris\u00eb. Un\u00eb arrij n\u00eb konkluzionin q\u00eb ne k\u00ebtu kishim nj\u00eb kurth. Kur kam ardhur k\u00ebtu t\u00eb m\u00ebrkur\u00ebn, kam shpjeguar q\u00eb mbrapa k\u00ebsaj \u00ebsht\u00eb Xhorxh Soros.<\/em><\/p>\n<p style=\"background: white; -webkit-tap-highlight-color: transparent !important; box-sizing: border-box; overflow-wrap: break-word; font-variant-ligatures: normal; font-variant-caps: normal; orphans: 2; widows: 2; -webkit-text-stroke-width: 0px; text-decoration-thickness: initial; text-decoration-style: initial; text-decoration-color: initial; word-spacing: 0px; margin: 0in 0in 19.5pt 0in;\"><em>Berisha thot\u00eb ku jan\u00eb provat. Provat jan\u00eb tek Lulzim Basha. Ky \u00ebsht\u00eb nj\u00eb kurth i p\u00ebrgatitur p\u00ebr 8 vite dhe ra pre Sali Berisha, por edhe ne.<\/em><\/p>\n<p style=\"background: white; -webkit-tap-highlight-color: transparent !important; box-sizing: border-box; overflow-wrap: break-word; font-variant-ligatures: normal; font-variant-caps: normal; orphans: 2; widows: 2; -webkit-text-stroke-width: 0px; text-decoration-thickness: initial; text-decoration-style: initial; text-decoration-color: initial; word-spacing: 0px; margin: 0in 0in 19.5pt 0in;\"><em>Ambasadorja e SHBA tha se Shqip\u00ebria po ndryshon. Po n\u00eb fakt po ndryshon, ky vend m\u00eb von\u00eb do t\u00eb quhet Albanistan sepse k\u00ebtu do t\u00eb mbushet me t\u00eb huaj. Do t\u00eb ket\u00eb 1 milion\u00eb e ca arab\u00eb dhe aziatik dhe 1 milion\u00eb Shqip\u00ebtar\u00eb<\/em>\u201d, tha Goxhaj.<\/p>","protected":false},"excerpt":{"rendered":"<p>Avokati Altin Goxhaj e ka quajtur pjes\u00eb t\u00eb planit p\u00ebr shpopullimin e Shqip\u00ebris\u00eb shpalljen \u201cnon grata\u201d t\u00eb ish-kryeministrit Sali Berisha.Ai tha se me k\u00ebt\u00eb q\u00eb ndodhi nuk e ka p\u00ebsuar vet\u00ebm Sali Berisha, por e gjith\u00eb Shqip\u00ebria. Sipas tij, pjes\u00eb e planit \u00ebsht\u00eb popullimi i Shqip\u00ebris\u00eb me shtetas nga Afrika dhe Lindja e Mesme.Goxhaj u [&hellip;]<\/p>\n","protected":false},"author":2030,"featured_media":184156,"comment_status":"closed","ping_status":"closed","sticky":false,"template":"","format":"standard","meta":{"footnotes":""},"categories":[241,364,1454],"tags":[],"class_list":{"0":"post-184155","1":"post","2":"type-post","3":"status-publish","4":"format-standard","5":"has-post-thumbnail","7":"category-aktualitet","8":"category-koment-opinion","9":"category-politike"},"_links":{"self":[{"href":"https:\/\/zjarr.tv\/en\/wp-json\/wp\/v2\/posts\/184155","targetHints":{"allow":["GET"]}}],"collection":[{"href":"https:\/\/zjarr.tv\/en\/wp-json\/wp\/v2\/posts"}],"about":[{"href":"https:\/\/zjarr.tv\/en\/wp-json\/wp\/v2\/types\/post"}],"author":[{"embeddable":true,"href":"https:\/\/zjarr.tv\/en\/wp-json\/wp\/v2\/users\/2030"}],"replies":[{"embeddable":true,"href":"https:\/\/zjarr.tv\/en\/wp-json\/wp\/v2\/comments?post=184155"}],"version-history":[{"count":0,"href":"https:\/\/zjarr.tv\/en\/wp-json\/wp\/v2\/posts\/184155\/revisions"}],"wp:featuredmedia":[{"embeddable":true,"href":"https:\/\/zjarr.tv\/en\/wp-json\/wp\/v2\/media\/184156"}],"wp:attachment":[{"href":"https:\/\/zjarr.tv\/en\/wp-json\/wp\/v2\/media?parent=184155"}],"wp:term":[{"taxonomy":"category","embeddable":true,"href":"https:\/\/zjarr.tv\/en\/wp-json\/wp\/v2\/categories?post=184155"},{"taxonomy":"post_tag","embeddable":true,"href":"https:\/\/zjarr.tv\/en\/wp-json\/wp\/v2\/tags?post=184155"}],"curies":[{"name":"wp","href":"https:\/\/api.w.org\/{rel}","templated":true}]}}