{"id":184200,"date":"2021-05-24T09:16:49","date_gmt":"2021-05-24T07:16:49","guid":{"rendered":"https:\/\/zjarr.tv\/?p=184200"},"modified":"2021-05-24T09:17:47","modified_gmt":"2021-05-24T07:17:47","slug":"ibsen-elezi-ben-deklaratene-forte-pas-skualifikimit-nga-gara-per-kryetar-te-pd-se-jua-them-me-bindje-qe","status":"publish","type":"post","link":"https:\/\/zjarr.tv\/en\/ibsen-elezi-ben-deklaratene-forte-pas-skualifikimit-nga-gara-per-kryetar-te-pd-se-jua-them-me-bindje-qe\/","title":{"rendered":"Ibsen Elezi b\u00ebn deklarat\u00ebn e fort\u00eb pas skualifikimit nga gara p\u00ebr kryetar t\u00eb PD-s\u00eb: Jua them me bindje q\u00eb\u2026"},"content":{"rendered":"<p>Mbledhja e kryesis\u00eb t\u00eb diel\u00ebn mbr\u00ebma, nuk ka rezultuar aspak frytdh\u00ebn\u00ebse p\u00ebr ish-drejtuesin e demokrat\u00ebve n\u00eb Kuk\u00ebs, Ibsen Elezi, sepse ky i fundit u p\u00ebrjashtua nga gara p\u00ebr kreun e Partis\u00eb Demokratike.<\/p>\n<p>Mbas k\u00ebtij zhvillimi, Elezi ka reaguar n\u00eb rrjetin social \u201cFacebook\u201d, duke th\u00ebn\u00eb se as nuk ishte njoftuar p\u00ebr skualifikimin dhe se e kishte marr\u00eb vesh k\u00ebt\u00eb vendim nga mediat.<\/p>\n<p><em>\u201cT\u00eb nderuar miq, tash sapo u ktheva nga Kosova, mora lajmin nga mediat se m\u00eb kan\u00eb skualifikuar nga gara p\u00ebr kryetar t\u00eb PD. Jua them me bindje q\u00eb e prisja, e kam deklaruar m\u00eb par\u00eb. Pres t\u00eb marr p\u00ebrgjigjen zyrtare dhe m\u00eb pas do kem prononcimin tim\u201d<\/em>, deklaroi Elezi n\u00eb rrjetet sociale.<\/p>\n<p>Nd\u00ebrkoh\u00eb, burime brenda kryesis\u00eb kan\u00eb konfirmuar se Elezi \u00ebsht\u00eb skualifikuar nga gara p\u00ebr shkak se me komentet e tij, ai ka tentuar q\u00eb t\u00eb denigroj\u00eb dhe t\u00eb d\u00ebmtoj\u00eb Partin\u00eb Demokratike.<\/p>\n<p>Nd\u00ebr t\u00eb tjera, theksohet se ai nuk ka b\u00ebr\u00eb fushat\u00eb p\u00ebr PD n\u00eb zgjedhjet e 25 prillit, dhe nuk ka qen\u00eb i angazhuar p\u00ebr fitoren e opozit\u00ebs, duke b\u00ebr\u00eb q\u00eb t\u00eb skualifikohet nga gara p\u00ebr kreun e partis\u00eb.<\/p>\n<p>N\u00eb mbledhjen e saj, kryesia ka vendosur q\u00eb gar\u00ebn p\u00ebr kreun e PD-s\u00eb ta vijojn\u00eb vet\u00ebm 4 nga 9 kandidat\u00ebt. N\u00eb gar\u00ebn e zgjedhjeve t\u00eb 13 qershorit jan\u00eb, Lulzim Basha, edit Harxhi, Fatbardh Kadilli dhe Agron Shehaj.<\/p>\n<p>&nbsp;<\/p>","protected":false},"excerpt":{"rendered":"<p>Mbledhja e kryesis\u00eb t\u00eb diel\u00ebn mbr\u00ebma, nuk ka rezultuar aspak frytdh\u00ebn\u00ebse p\u00ebr ish-drejtuesin e demokrat\u00ebve n\u00eb Kuk\u00ebs, Ibsen Elezi, sepse ky i fundit u p\u00ebrjashtua nga gara p\u00ebr kreun e Partis\u00eb Demokratike. Mbas k\u00ebtij zhvillimi, Elezi ka reaguar n\u00eb rrjetin social \u201cFacebook\u201d, duke th\u00ebn\u00eb se as nuk ishte njoftuar p\u00ebr skualifikimin dhe se e kishte [&hellip;]<\/p>\n","protected":false},"author":2016,"featured_media":184202,"comment_status":"closed","ping_status":"closed","sticky":false,"template":"","format":"standard","meta":{"footnotes":""},"categories":[241,1454],"tags":[3247],"class_list":{"0":"post-184200","1":"post","2":"type-post","3":"status-publish","4":"format-standard","5":"has-post-thumbnail","7":"category-aktualitet","8":"category-politike","9":"tag-lajme-zjarr-ibsen-elezi-ben-deklaratene-forte-zjarr-tv"},"_links":{"self":[{"href":"https:\/\/zjarr.tv\/en\/wp-json\/wp\/v2\/posts\/184200","targetHints":{"allow":["GET"]}}],"collection":[{"href":"https:\/\/zjarr.tv\/en\/wp-json\/wp\/v2\/posts"}],"about":[{"href":"https:\/\/zjarr.tv\/en\/wp-json\/wp\/v2\/types\/post"}],"author":[{"embeddable":true,"href":"https:\/\/zjarr.tv\/en\/wp-json\/wp\/v2\/users\/2016"}],"replies":[{"embeddable":true,"href":"https:\/\/zjarr.tv\/en\/wp-json\/wp\/v2\/comments?post=184200"}],"version-history":[{"count":0,"href":"https:\/\/zjarr.tv\/en\/wp-json\/wp\/v2\/posts\/184200\/revisions"}],"wp:featuredmedia":[{"embeddable":true,"href":"https:\/\/zjarr.tv\/en\/wp-json\/wp\/v2\/media\/184202"}],"wp:attachment":[{"href":"https:\/\/zjarr.tv\/en\/wp-json\/wp\/v2\/media?parent=184200"}],"wp:term":[{"taxonomy":"category","embeddable":true,"href":"https:\/\/zjarr.tv\/en\/wp-json\/wp\/v2\/categories?post=184200"},{"taxonomy":"post_tag","embeddable":true,"href":"https:\/\/zjarr.tv\/en\/wp-json\/wp\/v2\/tags?post=184200"}],"curies":[{"name":"wp","href":"https:\/\/api.w.org\/{rel}","templated":true}]}}