{"id":184204,"date":"2021-05-24T09:33:48","date_gmt":"2021-05-24T07:33:48","guid":{"rendered":"https:\/\/zjarr.tv\/?p=184204"},"modified":"2021-05-24T09:33:48","modified_gmt":"2021-05-24T07:33:48","slug":"edi-manushi-ben-deklaraten-qe-nuk-pritej-per-edi-ramen-ishte-e-frikshme-te-punoje-me-te-te-conte-mesazhe-ne-3-te-nates","status":"publish","type":"post","link":"https:\/\/zjarr.tv\/en\/edi-manushi-ben-deklaraten-qe-nuk-pritej-per-edi-ramen-ishte-e-frikshme-te-punoje-me-te-te-conte-mesazhe-ne-3-te-nates\/","title":{"rendered":"Edi Manushi b\u00ebn deklarat\u00ebn q\u00eb nuk pritej p\u00ebr Edi Ram\u00ebn: Ishte e frikshme t\u00eb punoje me t\u00eb, t\u00eb \u00e7onte mesazhe n\u00eb 3 t\u00eb nat\u00ebs\u2026"},"content":{"rendered":"<p>Moderatori Edi Manushi, ka folur p\u00ebr \u201cDilema Sociale\u201d p\u00ebr marr\u00ebdh\u00ebnien e tij me Kryeministrin Edi Rama, si dhe njohjen mes tyre. Autori dhe moderatori i \u201cE Diell\u201d, i cili dikur ka punuar me Kryeministrin, ka zbuluar detaje sesi p\u00ebrfundoi bashk\u00ebpunimi i tij me t\u00eb.<\/p>\n<p>Sipas Manushit, Rama i niste sms n\u00eb 3 t\u00eb nat\u00ebs, gj\u00eb e cila nuk p\u00ebrshtatej me ritmin e tij t\u00eb pun\u00ebs dhe t\u00eb jetuarit,\u00a0e p\u00ebr k\u00ebt\u00eb shkak rrug\u00ebt e tyre do t\u00eb ndaheshin shum\u00eb shpejt.<\/p>\n<p><em>\u201cT\u00eb punoje me Edi Ram\u00ebn ishte e frikshme. At\u00ebher\u00eb sa kishin dal\u00eb celular\u00ebt dhe ishte i friksh\u00ebm m\u00eb mesazhe. Shkruante n\u00eb 3 t\u00eb nat\u00ebs, nj\u00eb lloj ritmi q\u00eb nuk p\u00ebrshtatet me m\u00ebnyr\u00ebn time t\u00eb jetes\u00ebs. Un\u00eb i ktheja p\u00ebrgjigje n\u00eb m\u00ebngjes. Aty m\u00eb tha rrug\u00ebt tona nuk bashkohen dhe nuk punuam m\u00eb bashk\u00eb\u201d<\/em>, u shpreh Manushi.<\/p>\n<p>Nd\u00ebrkoh\u00eb, i pyetur nga prezantuesi Eno Popi, se \u00e7far\u00eb mendimi ka p\u00ebr Edi Ram\u00ebn n\u00eb pozicionin e Kryeministrit, ai u shpreh se ka krijuar nj\u00eb imazh kulti te vart\u00ebsit e tij.<\/p>","protected":false},"excerpt":{"rendered":"<p>Moderatori Edi Manushi, ka folur p\u00ebr \u201cDilema Sociale\u201d p\u00ebr marr\u00ebdh\u00ebnien e tij me Kryeministrin Edi Rama, si dhe njohjen mes tyre. Autori dhe moderatori i \u201cE Diell\u201d, i cili dikur ka punuar me Kryeministrin, ka zbuluar detaje sesi p\u00ebrfundoi bashk\u00ebpunimi i tij me t\u00eb. Sipas Manushit, Rama i niste sms n\u00eb 3 t\u00eb nat\u00ebs, gj\u00eb [&hellip;]<\/p>\n","protected":false},"author":2016,"featured_media":184206,"comment_status":"closed","ping_status":"closed","sticky":false,"template":"","format":"standard","meta":{"footnotes":""},"categories":[241],"tags":[3248],"class_list":{"0":"post-184204","1":"post","2":"type-post","3":"status-publish","4":"format-standard","5":"has-post-thumbnail","7":"category-aktualitet","8":"tag-lajme-zjarr-manushi-flet-per-edi-ramen-zjarr-tv"},"_links":{"self":[{"href":"https:\/\/zjarr.tv\/en\/wp-json\/wp\/v2\/posts\/184204","targetHints":{"allow":["GET"]}}],"collection":[{"href":"https:\/\/zjarr.tv\/en\/wp-json\/wp\/v2\/posts"}],"about":[{"href":"https:\/\/zjarr.tv\/en\/wp-json\/wp\/v2\/types\/post"}],"author":[{"embeddable":true,"href":"https:\/\/zjarr.tv\/en\/wp-json\/wp\/v2\/users\/2016"}],"replies":[{"embeddable":true,"href":"https:\/\/zjarr.tv\/en\/wp-json\/wp\/v2\/comments?post=184204"}],"version-history":[{"count":0,"href":"https:\/\/zjarr.tv\/en\/wp-json\/wp\/v2\/posts\/184204\/revisions"}],"wp:featuredmedia":[{"embeddable":true,"href":"https:\/\/zjarr.tv\/en\/wp-json\/wp\/v2\/media\/184206"}],"wp:attachment":[{"href":"https:\/\/zjarr.tv\/en\/wp-json\/wp\/v2\/media?parent=184204"}],"wp:term":[{"taxonomy":"category","embeddable":true,"href":"https:\/\/zjarr.tv\/en\/wp-json\/wp\/v2\/categories?post=184204"},{"taxonomy":"post_tag","embeddable":true,"href":"https:\/\/zjarr.tv\/en\/wp-json\/wp\/v2\/tags?post=184204"}],"curies":[{"name":"wp","href":"https:\/\/api.w.org\/{rel}","templated":true}]}}