{"id":184210,"date":"2021-05-24T10:03:07","date_gmt":"2021-05-24T08:03:07","guid":{"rendered":"https:\/\/zjarr.tv\/?p=184210"},"modified":"2021-05-24T10:03:45","modified_gmt":"2021-05-24T08:03:45","slug":"eli-fara-tregon-takimin-me-adem-jasharin-ne-amerike-ja-cfare-me-kerkoi","status":"publish","type":"post","link":"https:\/\/zjarr.tv\/en\/eli-fara-tregon-takimin-me-adem-jasharin-ne-amerike-ja-cfare-me-kerkoi\/","title":{"rendered":"Eli Fara rr\u00ebfen takimin me Adem Jasharin n\u00eb Amerik\u00eb: Ja \u00e7far\u00eb m\u00eb k\u00ebrkoi\u2026"},"content":{"rendered":"<p style=\"margin-top: 0in; background: white;\"><span style=\"color: #212529;\">K\u00ebng\u00ebtarja shum\u00eb e dashur p\u00ebr publikun, Eli Fara, ka treguar takimin q\u00eb ka pasur me heroin e luft\u00ebs s\u00eb Kosov\u00ebs, Adem Jasharin.<\/span><\/p>\n<p style=\"margin-top: 0in; background: white; box-sizing: border-box; margin-bottom: 1rem; font-variant-ligatures: normal; font-variant-caps: normal; orphans: 2; widows: 2; -webkit-text-stroke-width: 0px; text-decoration-thickness: initial; text-decoration-style: initial; text-decoration-color: initial; word-spacing: 0px;\"><span style=\"color: #212529;\">Ajo ka zbuluar e ftuar n\u00eb \u201cE diell\u201d, se takimin e par\u00eb me t\u00eb e ka pasur n\u00eb Amerik\u00eb, ku i ka k\u00ebrkuar q\u00eb t\u2019i k\u00ebndoj\u00eb elegjin\u00eb p\u00ebr ish-diktatorin Enver Hoxha.<\/span><\/p>\n<p style=\"margin-top: 0in; background: white; box-sizing: border-box; margin-bottom: 1rem; font-variant-ligatures: normal; font-variant-caps: normal; orphans: 2; widows: 2; -webkit-text-stroke-width: 0px; text-decoration-thickness: initial; text-decoration-style: initial; text-decoration-color: initial; word-spacing: 0px;\"><span style=\"color: #212529;\">\u201cKur kam shkuar n\u00eb \u201996 p\u00ebr her\u00eb t\u00eb par\u00eb n\u00eb Amerik\u00eb m\u00eb ka ndodhur di\u00e7ka. Ishim me kontrata pune do k\u00ebndoja n\u00eb nj\u00eb restorant dhe m\u00eb than\u00eb se sot ka ardhur nj\u00eb adhurues i flakt\u00eb i joti. M\u00eb than\u00eb se quhej Jashar dhe ishte n\u00eb tavolin\u00eb t\u00eb par\u00eb. M\u00eb thot\u00eb mua dua t\u00eb d\u00ebgjoj elegjin\u00eb e Enver Hoxh\u00ebs dhe e kam k\u00ebnduar n\u00eb \u201885 menj\u00ebher\u00eb pas vdekjes dhe ka qen\u00eb nj\u00eb k\u00ebng\u00eb shum\u00eb e bukur.\u00a0M\u00eb tregojn\u00eb se Jashari ka qen\u00eb n\u00eb burg p\u00ebr koh\u00ebn, sistemin e komunizmit dhe them \u2018Jashari ka qen\u00eb n\u00eb burg dhe k\u00ebrkon elegjin\u00eb e Enver Hoxh\u00ebs?\u2019<\/span><\/p>\n<p style=\"margin-top: 0in; background: white; box-sizing: border-box; margin-bottom: 1rem; font-variant-ligatures: normal; font-variant-caps: normal; orphans: 2; widows: 2; -webkit-text-stroke-width: 0px; text-decoration-thickness: initial; text-decoration-style: initial; text-decoration-color: initial; word-spacing: 0px;\"><span style=\"color: #212529;\">\u00a0Afrohem dhe m\u00eb thot\u00eb un\u00eb vdes p\u00ebr k\u00ebng\u00ebt e tua dhe kur isha n\u00eb burg u transmetua k\u00ebnga dhe aq m\u00eb ka p\u00eblqyer tha sa kam th\u00ebn\u00eb \u2018t\u00eb mos kish qen\u00eb p\u00ebr at\u00eb do kisha qar\u00eb nj\u00eb muaj\u2019. Vet\u00ebm p\u00ebr k\u00ebt\u00eb fjal\u00eb q\u00eb thash\u00eb tha m\u00eb fut\u00ebn n\u00eb qeli 40 dit\u00eb. I ka p\u00eblqyer muzika, strofa, vaji. Tani k\u00ebndoje tha po hiqe at\u00eb strof\u00ebn q\u00eb ishte emri i tij. Pastaj e takoj m\u00eb von\u00eb dhe m\u00eb thot\u00eb kam b\u00ebr\u00eb 7 aksidente dhe t\u00eb 7 kan\u00eb qen\u00eb me CD t\u00ebnde n\u00eb makin\u00eb\u201d, rr\u00ebfeu k\u00ebng\u00ebtarja.<\/span><\/p>","protected":false},"excerpt":{"rendered":"<p>K\u00ebng\u00ebtarja shum\u00eb e dashur p\u00ebr publikun, Eli Fara, ka treguar takimin q\u00eb ka pasur me heroin e luft\u00ebs s\u00eb Kosov\u00ebs, Adem Jasharin. Ajo ka zbuluar e ftuar n\u00eb \u201cE diell\u201d, se takimin e par\u00eb me t\u00eb e ka pasur n\u00eb Amerik\u00eb, ku i ka k\u00ebrkuar q\u00eb t\u2019i k\u00ebndoj\u00eb elegjin\u00eb p\u00ebr ish-diktatorin Enver Hoxha. \u201cKur kam [&hellip;]<\/p>\n","protected":false},"author":2016,"featured_media":184212,"comment_status":"closed","ping_status":"closed","sticky":false,"template":"","format":"standard","meta":{"footnotes":""},"categories":[193],"tags":[3249],"class_list":{"0":"post-184210","1":"post","2":"type-post","3":"status-publish","4":"format-standard","5":"has-post-thumbnail","7":"category-showbiz","8":"tag-lajme-zjarr-eli-fara-flet-per-adem-jasharin-zjarr-tv"},"_links":{"self":[{"href":"https:\/\/zjarr.tv\/en\/wp-json\/wp\/v2\/posts\/184210","targetHints":{"allow":["GET"]}}],"collection":[{"href":"https:\/\/zjarr.tv\/en\/wp-json\/wp\/v2\/posts"}],"about":[{"href":"https:\/\/zjarr.tv\/en\/wp-json\/wp\/v2\/types\/post"}],"author":[{"embeddable":true,"href":"https:\/\/zjarr.tv\/en\/wp-json\/wp\/v2\/users\/2016"}],"replies":[{"embeddable":true,"href":"https:\/\/zjarr.tv\/en\/wp-json\/wp\/v2\/comments?post=184210"}],"version-history":[{"count":0,"href":"https:\/\/zjarr.tv\/en\/wp-json\/wp\/v2\/posts\/184210\/revisions"}],"wp:featuredmedia":[{"embeddable":true,"href":"https:\/\/zjarr.tv\/en\/wp-json\/wp\/v2\/media\/184212"}],"wp:attachment":[{"href":"https:\/\/zjarr.tv\/en\/wp-json\/wp\/v2\/media?parent=184210"}],"wp:term":[{"taxonomy":"category","embeddable":true,"href":"https:\/\/zjarr.tv\/en\/wp-json\/wp\/v2\/categories?post=184210"},{"taxonomy":"post_tag","embeddable":true,"href":"https:\/\/zjarr.tv\/en\/wp-json\/wp\/v2\/tags?post=184210"}],"curies":[{"name":"wp","href":"https:\/\/api.w.org\/{rel}","templated":true}]}}