{"id":184244,"date":"2021-05-24T11:48:12","date_gmt":"2021-05-24T09:48:12","guid":{"rendered":"https:\/\/zjarr.tv\/?p=184244"},"modified":"2021-05-24T11:48:12","modified_gmt":"2021-05-24T09:48:12","slug":"perdhunimi-i-15-vjecares-revoltohet-bes-kallaku-shqiptaret-kane-hallin-e-teas-dhe-te-andit-nuk-cohen","status":"publish","type":"post","link":"https:\/\/zjarr.tv\/en\/perdhunimi-i-15-vjecares-revoltohet-bes-kallaku-shqiptaret-kane-hallin-e-teas-dhe-te-andit-nuk-cohen\/","title":{"rendered":"P\u00ebrdhunimi i 15-vje\u00e7ares, revoltohet Bes Kallaku: Shqiptar\u00ebt kan\u00eb hallin e Teas dhe t\u00eb Andit, nuk \u00e7ohen"},"content":{"rendered":"<p style=\"background: white; margin: 0in 0in 19.5pt 0in;\">Aktori i njohur i humorit, Bes Kallaku mbr\u00ebmjen e djeshme ka shprehur revolt\u00ebn ndaj indiferenc\u00ebs s\u00eb shqiptar\u00ebve, t\u00eb cil\u00ebt nuk ngren\u00eb z\u00ebrin p\u00ebr \u00e7\u00ebshtjet e r\u00ebnd\u00ebsishme p\u00ebr ta q\u00eb nga lumi Vjosa, te taksat dhe deri te ngjarja trondit\u00ebse e dit\u00ebve t\u00eb fundit, ku nj\u00eb 15 vje\u00e7are p\u00ebrdhunohej prej muajsh nga pes\u00eb burra.<\/p>\n<p style=\"background: white; -webkit-tap-highlight-color: transparent !important; box-sizing: border-box; overflow-wrap: break-word; font-variant-ligatures: normal; font-variant-caps: normal; orphans: 2; widows: 2; -webkit-text-stroke-width: 0px; text-decoration-thickness: initial; text-decoration-style: initial; text-decoration-color: initial; word-spacing: 0px; margin: 0in 0in 19.5pt 0in;\">Kallaku gjat\u00eb monologut t\u00eb tij tha se shqiptar\u00ebt nuk protestojn\u00eb p\u00ebr t\u00eb drejtat e tyre, por kan\u00eb m\u00eb shum\u00eb interest e \u00e7\u00ebshtjet e show-bizit.<\/p>\n<p style=\"background: white; -webkit-tap-highlight-color: transparent !important; box-sizing: border-box; overflow-wrap: break-word; font-variant-ligatures: normal; font-variant-caps: normal; orphans: 2; widows: 2; -webkit-text-stroke-width: 0px; text-decoration-thickness: initial; text-decoration-style: initial; text-decoration-color: initial; word-spacing: 0px; margin: 0in 0in 19.5pt 0in;\"><em>\u201cNeve jemi popull q\u00eb nuk na ndihet z\u00ebri i goj\u00ebs more. Neve na vrit, na vidh, na rjep, nuk \u00e7ohemi ne fare, sa do t\u00eb na vras\u00ebsh. Ne \u00e7ohemi, po pat\u00eb luft\u00eb Palestina me Izraelin, jo at\u00ebher\u00eb dalim n\u00eb protest\u00eb ne shqiptar\u00ebt mo v\u00eblla. K\u00ebtu Vjosa q\u00eb \u00ebsht\u00eb lumi m\u00eb i eg\u00ebr n\u00eb Europ\u00eb, lumi i fundit duan ta b\u00ebjn\u00eb hidrocentral mo v\u00eblla, nuk \u00e7ohemi ne. Nuk \u00e7ohet shqiptari me ndalu hidrocentralin n\u00eb Vjos\u00eb, ama po u prek\u00ebn pyjet n\u00eb Amazon\u00eb po.K\u00ebtu lumenjt\u00eb jan\u00eb aq t\u00eb ndotur sa t\u00eb gjith\u00eb fabrikat i derdhin mbetjet e tyre n\u00eb tunel dhe po na del peshku me kat\u00ebr koka, si oktapod. Nuk \u00e7ohemi ne\u201d. Nuk \u00e7ohen shqiptar\u00ebt t\u00eb protestojn\u00eb, shqiptar\u00ebt kan\u00eb hallin e Teas, t\u00eb Andit dhe t\u00eb Beartit. Kan\u00eb hallin ku i b\u00ebri pushimet ky apo ai. Kur nuk protestojn\u00eb p\u00ebr mostra q\u00eb p\u00ebrdhunojn\u00eb me minorene, me 15 vje\u00e7are at\u00ebhere e keqja do e marr\u00eb para k\u00ebt\u00eb vend dhe gjith\u00eb shoq\u00ebrin\u00eb shqiptare.\u201d<\/em>, tha Besi, tek \u201cKosherja\u201d.<\/p>","protected":false},"excerpt":{"rendered":"<p>Aktori i njohur i humorit, Bes Kallaku mbr\u00ebmjen e djeshme ka shprehur revolt\u00ebn ndaj indiferenc\u00ebs s\u00eb shqiptar\u00ebve, t\u00eb cil\u00ebt nuk ngren\u00eb z\u00ebrin p\u00ebr \u00e7\u00ebshtjet e r\u00ebnd\u00ebsishme p\u00ebr ta q\u00eb nga lumi Vjosa, te taksat dhe deri te ngjarja trondit\u00ebse e dit\u00ebve t\u00eb fundit, ku nj\u00eb 15 vje\u00e7are p\u00ebrdhunohej prej muajsh nga pes\u00eb burra. Kallaku gjat\u00eb [&hellip;]<\/p>\n","protected":false},"author":2030,"featured_media":184247,"comment_status":"closed","ping_status":"closed","sticky":false,"template":"","format":"standard","meta":{"footnotes":""},"categories":[241,364,193],"tags":[],"class_list":{"0":"post-184244","1":"post","2":"type-post","3":"status-publish","4":"format-standard","5":"has-post-thumbnail","7":"category-aktualitet","8":"category-koment-opinion","9":"category-showbiz"},"_links":{"self":[{"href":"https:\/\/zjarr.tv\/en\/wp-json\/wp\/v2\/posts\/184244","targetHints":{"allow":["GET"]}}],"collection":[{"href":"https:\/\/zjarr.tv\/en\/wp-json\/wp\/v2\/posts"}],"about":[{"href":"https:\/\/zjarr.tv\/en\/wp-json\/wp\/v2\/types\/post"}],"author":[{"embeddable":true,"href":"https:\/\/zjarr.tv\/en\/wp-json\/wp\/v2\/users\/2030"}],"replies":[{"embeddable":true,"href":"https:\/\/zjarr.tv\/en\/wp-json\/wp\/v2\/comments?post=184244"}],"version-history":[{"count":0,"href":"https:\/\/zjarr.tv\/en\/wp-json\/wp\/v2\/posts\/184244\/revisions"}],"wp:featuredmedia":[{"embeddable":true,"href":"https:\/\/zjarr.tv\/en\/wp-json\/wp\/v2\/media\/184247"}],"wp:attachment":[{"href":"https:\/\/zjarr.tv\/en\/wp-json\/wp\/v2\/media?parent=184244"}],"wp:term":[{"taxonomy":"category","embeddable":true,"href":"https:\/\/zjarr.tv\/en\/wp-json\/wp\/v2\/categories?post=184244"},{"taxonomy":"post_tag","embeddable":true,"href":"https:\/\/zjarr.tv\/en\/wp-json\/wp\/v2\/tags?post=184244"}],"curies":[{"name":"wp","href":"https:\/\/api.w.org\/{rel}","templated":true}]}}