{"id":184250,"date":"2021-05-24T11:56:27","date_gmt":"2021-05-24T09:56:27","guid":{"rendered":"https:\/\/zjarr.tv\/?p=184250"},"modified":"2021-05-24T11:56:27","modified_gmt":"2021-05-24T09:56:27","slug":"a-do-te-jete-me-pagese-ja-kur-do-te-nise-nga-puna-spitali-memorial-ne-fier-qe-u-ndertua-pas-premtimit-te-erdogan","status":"publish","type":"post","link":"https:\/\/zjarr.tv\/en\/a-do-te-jete-me-pagese-ja-kur-do-te-nise-nga-puna-spitali-memorial-ne-fier-qe-u-ndertua-pas-premtimit-te-erdogan\/","title":{"rendered":"A do t\u00eb jet\u00eb me pages\u00eb? Ja kur do t\u00eb nis\u00eb nga puna spitali Memorial n\u00eb Fier q\u00eb u nd\u00ebrtua pas premtimit t\u00eb Erdogan\u2026"},"content":{"rendered":"<p>Ministrja e Sh\u00ebndet\u00ebsis\u00eb Ogerta Manastirliu, ka qen\u00eb sot n\u00eb Fier, ku ka njoftuar hapjen e spitalit \u201cMemorial\u201d n\u00eb fundin e k\u00ebsaj jave (27 Maj). Sipas Ministres, hapja e sh\u00ebrbimeve t\u00eb ndryshme, do t\u00eb b\u00ebhet n\u00eb m\u00ebnyr\u00eb graduale, nd\u00ebrkoh\u00eb q\u00eb tha se spitali do t\u00eb funksinoj\u00eb me referime nga mjek\u00ebt e spitaleve rajonale t\u00eb jugut.<\/p>\n<p>N\u00eb rast se nj\u00eb pacient k\u00ebrkon nd\u00ebrhyrje m\u00eb t\u00eb specializuar, q\u00eb nuk mund\u00ebsohet nga spitalet bashkiake apo rajonale, ai do t\u00eb referohet p\u00ebr trajtim pik\u00ebrisht n\u00eb spitalin Memorial, q\u00eb \u00ebsht\u00eb nd\u00ebrtuar nga qeveria turke, pas nj\u00eb premtimi q\u00eb Erdogan i ka dh\u00ebn\u00eb Edi Ram\u00ebs, 3 muaj p\u00ebrpara zgjedhjeve t\u00eb 25 Prillit.<\/p>\n<p>Pavar\u00ebsisht se \u00ebsht\u00eb inaguruar disa her\u00eb, puna n\u00eb k\u00ebt\u00eb spital ende nuk ka nisur, nd\u00ebrkoh\u00eb q\u00eb nj\u00eb pjes\u00eb e personelit do t\u00eb jet\u00eb turk, jo vet\u00ebm n\u00eb aspektin administrative, por edhe n\u00eb at\u00eb t\u00eb mjek\u00ebve dhe specialist\u00ebve.<\/p>\n<p><em>\u201cDo t\u00eb funksionoj\u00eb si nj\u00eb spital q\u00eb do t\u00eb referoj\u00eb tre rajonet e jugut, po nuk p\u00ebrjashtohen as referimi i rasteve nga QSUT nga qytetet t\u00eb tjera, nd\u00ebrhyrje apo konsulta t\u00eb specializuara t\u00eb nj\u00eb niveli q\u00eb p\u00ebrfshin t\u00eb gjitha specialitetet. N\u00eb fundin e k\u00ebsaj jave do t\u00eb hapet zyrtarisht ky spital, data 30 Qershor do t\u00eb hapen sh\u00ebrbime t\u00eb reja, deri n\u00eb korrik kur do t\u00eb hapen trauma dhe ortopedia.<\/em><\/p>\n<p><em>Ashtu sikurse e thash\u00eb spitali Memorial n\u00eb Fier funksionon n\u00eb baz\u00ebn e nj\u00eb ststemi referimi, \u00ebsht\u00eb pjes\u00eb e rrjetit t\u00eb spitaleve publike. Ne kemi hapur nj\u00eb thirrje p\u00ebr pun\u00ebsim p\u00ebr mjek\u00ebt brenda vendit, do t\u00eb ket\u00eb dhe sh\u00ebrbim nga nj\u00eb ekip turk, \u00ebsht\u00eb i vetmi q\u00eb do t\u00eb ofroj\u00eb k\u00ebt\u00eb kujdes spitalor me nj\u00eb staf shqiptaro-turk, jo vet\u00ebm n\u00eb aspektin administrativ, por edhe mjek\u00eb t\u00eb specialiteteve t\u00eb ndryshme\u201d,<\/em>\u00a0u shpreh Manastirliu.<\/p>\n<p>Nd\u00ebrkoh\u00eb q\u00eb rruga q\u00eb t\u00eb \u00e7on drejt spitalit Memorial \u00ebsht\u00eb ende e paasfaltuar, nd\u00ebrsa n\u00eb ambientet e jashtme t\u00eb spitalit, vijon puna p\u00ebr rregullimin e ambientit.<\/p>\n<p>&nbsp;<\/p>","protected":false},"excerpt":{"rendered":"<p>Ministrja e Sh\u00ebndet\u00ebsis\u00eb Ogerta Manastirliu, ka qen\u00eb sot n\u00eb Fier, ku ka njoftuar hapjen e spitalit \u201cMemorial\u201d n\u00eb fundin e k\u00ebsaj jave (27 Maj). Sipas Ministres, hapja e sh\u00ebrbimeve t\u00eb ndryshme, do t\u00eb b\u00ebhet n\u00eb m\u00ebnyr\u00eb graduale, nd\u00ebrkoh\u00eb q\u00eb tha se spitali do t\u00eb funksinoj\u00eb me referime nga mjek\u00ebt e spitaleve rajonale t\u00eb jugut. N\u00eb [&hellip;]<\/p>\n","protected":false},"author":2016,"featured_media":184256,"comment_status":"closed","ping_status":"closed","sticky":false,"template":"","format":"standard","meta":{"footnotes":""},"categories":[241],"tags":[3258],"class_list":{"0":"post-184250","1":"post","2":"type-post","3":"status-publish","4":"format-standard","5":"has-post-thumbnail","7":"category-aktualitet","8":"tag-lajme-zjarr-spitali-memorial-ne-fier-zjarr-tv"},"_links":{"self":[{"href":"https:\/\/zjarr.tv\/en\/wp-json\/wp\/v2\/posts\/184250","targetHints":{"allow":["GET"]}}],"collection":[{"href":"https:\/\/zjarr.tv\/en\/wp-json\/wp\/v2\/posts"}],"about":[{"href":"https:\/\/zjarr.tv\/en\/wp-json\/wp\/v2\/types\/post"}],"author":[{"embeddable":true,"href":"https:\/\/zjarr.tv\/en\/wp-json\/wp\/v2\/users\/2016"}],"replies":[{"embeddable":true,"href":"https:\/\/zjarr.tv\/en\/wp-json\/wp\/v2\/comments?post=184250"}],"version-history":[{"count":0,"href":"https:\/\/zjarr.tv\/en\/wp-json\/wp\/v2\/posts\/184250\/revisions"}],"wp:featuredmedia":[{"embeddable":true,"href":"https:\/\/zjarr.tv\/en\/wp-json\/wp\/v2\/media\/184256"}],"wp:attachment":[{"href":"https:\/\/zjarr.tv\/en\/wp-json\/wp\/v2\/media?parent=184250"}],"wp:term":[{"taxonomy":"category","embeddable":true,"href":"https:\/\/zjarr.tv\/en\/wp-json\/wp\/v2\/categories?post=184250"},{"taxonomy":"post_tag","embeddable":true,"href":"https:\/\/zjarr.tv\/en\/wp-json\/wp\/v2\/tags?post=184250"}],"curies":[{"name":"wp","href":"https:\/\/api.w.org\/{rel}","templated":true}]}}