{"id":184258,"date":"2021-05-24T12:07:32","date_gmt":"2021-05-24T10:07:32","guid":{"rendered":"https:\/\/zjarr.tv\/?p=184258"},"modified":"2021-05-24T12:07:32","modified_gmt":"2021-05-24T10:07:32","slug":"dy-kosovaret-tentojne-te-futen-ne-shqiperi-njeri-del-ne-sistem-i-shpallur-ne-kerkim-kur-i-kontrollojne-makinen-i-gjejne-dhe-droge","status":"publish","type":"post","link":"https:\/\/zjarr.tv\/en\/dy-kosovaret-tentojne-te-futen-ne-shqiperi-njeri-del-ne-sistem-i-shpallur-ne-kerkim-kur-i-kontrollojne-makinen-i-gjejne-dhe-droge\/","title":{"rendered":"Dy kosovar\u00ebt tentojn\u00eb t\u00eb futen n\u00eb Shqip\u00ebri, nj\u00ebri del n\u00eb sistem i shpallur n\u00eb k\u00ebrkim, kur i kontrollojn\u00eb makin\u00ebn i gjejn\u00eb dhe drog\u00eb"},"content":{"rendered":"<p>Adonis Vitija dhe Vullnet Berila jan\u00eb dy shqiptar\u00ebt e Kosov\u00ebs t\u00eb cil\u00ebt jan\u00eb arrestuar nga Policia Kufitare n\u00eb Kuk\u00ebs pasi gjat\u00eb tentativ\u00ebs s\u00eb tyre p\u00ebr t\u00eb hyr\u00eb n\u00eb territorin e vendit ton\u00eb nga Morina, jan\u00eb kapur me drog\u00eb.<\/p>\n<p>Sipas Policis\u00eb, n\u00eb hyrje t\u00eb Pik\u00ebs s\u00eb Kalimit Kufitar Morin\u00eb gjat\u00eb p\u00ebrpunimit dhe verifikimit t\u00eb t\u00eb dh\u00ebnave n\u00eb sistem, shtetasi Adonis Vitija ka rezultuar person n\u00eb k\u00ebrkim, pasi Gjykata e Rrethit Gjyq\u00ebsor Durr\u00ebs\u00a0 e ka d\u00ebnuar me 6 muaj burg, p\u00ebr vepr\u00ebn penale \u201cMashtrimi\u201d.<\/p>\n<p>Si rezultat i kontrolleve t\u00eb shtuara, bazuar dhe n\u00eb analiz\u00ebn e riskut t\u00eb b\u00ebr\u00eb nga sh\u00ebrbimet e Policis\u00eb, \u00ebsht\u00eb kaluar n\u00eb vij\u00ebn e dyt\u00eb, p\u00ebr kontroll m\u00eb t\u00eb imt\u00ebsish\u00ebm, automjeti tip \u201cAudi\u201d, me t\u00eb cilin udh\u00ebtonin shtetasit Adonis Vitija dhe Vullnet Berila<\/p>\n<p>Gjat\u00eb kontrollit t\u00eb kryer n\u00eb vij\u00ebn e dyt\u00eb, n\u00eb \u00e7ant\u00ebn e krahut t\u00eb shtetasit Adonis Vitija u gjet dhe sekuestrua n\u00eb cil\u00ebsin\u00eb e prov\u00ebs materiale nj\u00eb sasi l\u00ebnde e dyshuar narkotike kanabis.\u00a0 Materialet i kaluan Prokuroris\u00eb s\u00eb Rrethit Gjyq\u00ebsor Kuk\u00ebs, p\u00ebr vepr\u00ebn penale \u201cTrafikimi i narkotik\u00ebve\u201d.<\/p>\n<p><strong>Njoftimi i policise:<\/strong><\/p>\n<p>Kuk\u00ebs<\/p>\n<p>Vihen n\u00eb pranga 2 shtetas, p\u00ebr vepr\u00ebn penale &#8220;Trafikimi i narkotik\u00ebve&#8221;.<\/p>\n<p>Njeri nga t\u00eb arrestuarit i shpallur n\u00eb k\u00ebrkim nga DVP Durr\u00ebs, p\u00ebr mashtrim.<\/p>\n<p>Specialist\u00ebt p\u00ebr Hetimin e Narkotik\u00ebve n\u00eb DVP Kuk\u00ebs b\u00ebn\u00eb arrestimin e shtetasve:<\/p>\n<ol>\n<li>V., 23 vje\u00e7, dhe V. B., 22 vje\u00e7, banues n\u00eb Prishtin\u00eb.<\/li>\n<\/ol>\n<p>N\u00eb hyrje t\u00eb Pik\u00ebs s\u00eb Kalimit Kufitar Morin\u00eb, gjat\u00eb p\u00ebrpunimit dhe verifikimit t\u00eb t\u00eb dh\u00ebnave n\u00eb sistem, shtetasi A. V. ka rezultuar person n\u00eb k\u00ebrkim, pasi Gjykata e Rrethit Gjyq\u00ebsor Durr\u00ebs e ka d\u00ebnuar me 6 muaj burg, p\u00ebr vepr\u00ebn penale &#8220;Mashtrimi&#8221;.<\/p>\n<p>Si rezultat i kontrolleve t\u00eb shtuara, bazuar dhe n\u00eb analiz\u00ebn e riskut t\u00eb b\u00ebr\u00eb nga sh\u00ebrbimet e Policis\u00eb, \u00ebsht\u00eb kaluar n\u00eb vij\u00ebn e dyt\u00eb, p\u00ebr kontroll m\u00eb t\u00eb imt\u00ebsish\u00ebm, automjeti tip &#8220;Audi&#8221;, me t\u00eb cilin udh\u00ebtonin shtetasit A. V. dhe V. B.<\/p>\n<p>Gjat\u00eb kontrollit t\u00eb kryer n\u00eb vij\u00ebn e dyt\u00eb, n\u00eb \u00e7ant\u00ebn e krahut t\u00eb shtetasit A. V. u gjet dhe sekuestrua n\u00eb cil\u00ebsin\u00eb e prov\u00ebs materiale nj\u00eb sasi l\u00ebnde e dyshuar narkotike kanabis.<\/p>\n<p>Materialet i kaluan Prokuroris\u00eb s\u00eb Rrethit Gjyq\u00ebsor Kuk\u00ebs, p\u00ebr vepr\u00ebn penale &#8220;Trafikimi i narkotik\u00ebve&#8221;.<\/p>","protected":false},"excerpt":{"rendered":"<p>Adonis Vitija dhe Vullnet Berila jan\u00eb dy shqiptar\u00ebt e Kosov\u00ebs t\u00eb cil\u00ebt jan\u00eb arrestuar nga Policia Kufitare n\u00eb Kuk\u00ebs pasi gjat\u00eb tentativ\u00ebs s\u00eb tyre p\u00ebr t\u00eb hyr\u00eb n\u00eb territorin e vendit ton\u00eb nga Morina, jan\u00eb kapur me drog\u00eb. Sipas Policis\u00eb, n\u00eb hyrje t\u00eb Pik\u00ebs s\u00eb Kalimit Kufitar Morin\u00eb gjat\u00eb p\u00ebrpunimit dhe verifikimit t\u00eb t\u00eb dh\u00ebnave [&hellip;]<\/p>\n","protected":false},"author":2030,"featured_media":184262,"comment_status":"closed","ping_status":"closed","sticky":false,"template":"","format":"standard","meta":{"footnotes":""},"categories":[241],"tags":[],"class_list":{"0":"post-184258","1":"post","2":"type-post","3":"status-publish","4":"format-standard","5":"has-post-thumbnail","7":"category-aktualitet"},"_links":{"self":[{"href":"https:\/\/zjarr.tv\/en\/wp-json\/wp\/v2\/posts\/184258","targetHints":{"allow":["GET"]}}],"collection":[{"href":"https:\/\/zjarr.tv\/en\/wp-json\/wp\/v2\/posts"}],"about":[{"href":"https:\/\/zjarr.tv\/en\/wp-json\/wp\/v2\/types\/post"}],"author":[{"embeddable":true,"href":"https:\/\/zjarr.tv\/en\/wp-json\/wp\/v2\/users\/2030"}],"replies":[{"embeddable":true,"href":"https:\/\/zjarr.tv\/en\/wp-json\/wp\/v2\/comments?post=184258"}],"version-history":[{"count":0,"href":"https:\/\/zjarr.tv\/en\/wp-json\/wp\/v2\/posts\/184258\/revisions"}],"wp:featuredmedia":[{"embeddable":true,"href":"https:\/\/zjarr.tv\/en\/wp-json\/wp\/v2\/media\/184262"}],"wp:attachment":[{"href":"https:\/\/zjarr.tv\/en\/wp-json\/wp\/v2\/media?parent=184258"}],"wp:term":[{"taxonomy":"category","embeddable":true,"href":"https:\/\/zjarr.tv\/en\/wp-json\/wp\/v2\/categories?post=184258"},{"taxonomy":"post_tag","embeddable":true,"href":"https:\/\/zjarr.tv\/en\/wp-json\/wp\/v2\/tags?post=184258"}],"curies":[{"name":"wp","href":"https:\/\/api.w.org\/{rel}","templated":true}]}}