{"id":184277,"date":"2021-05-24T12:29:40","date_gmt":"2021-05-24T10:29:40","guid":{"rendered":"https:\/\/zjarr.tv\/?p=184277"},"modified":"2021-05-24T12:29:40","modified_gmt":"2021-05-24T10:29:40","slug":"reflektoni-ne-kohe-meta-i-pergjigjet-komisionit-qe-kerkon-ta-shkarkoje-po-montoni-dosje-fiktive-skeni-legjitimitet","status":"publish","type":"post","link":"https:\/\/zjarr.tv\/en\/reflektoni-ne-kohe-meta-i-pergjigjet-komisionit-qe-kerkon-ta-shkarkoje-po-montoni-dosje-fiktive-skeni-legjitimitet\/","title":{"rendered":"\u201cReflektoni n\u00eb koh\u00eb\u201d, Meta i p\u00ebrgjigjet Komisionit q\u00eb k\u00ebrkon ta shkarkoj\u00eb: Po montoni dosje fiktive, s\u2019keni legjitimitet"},"content":{"rendered":"<p style=\"background: white; margin: 0in 0in 19.5pt 0in;\">Presidenti Ilir Meta refuzon k\u00ebrkes\u00ebn e Komisionit Hetimor q\u00eb k\u00ebrkon ta shkarkoj\u00eb, p\u00ebr d\u00ebgjes\u00eb me t\u00eb.<\/p>\n<p style=\"background: white; -webkit-tap-highlight-color: transparent !important; box-sizing: border-box; overflow-wrap: break-word; font-variant-ligatures: normal; font-variant-caps: normal; orphans: 2; widows: 2; -webkit-text-stroke-width: 0px; text-decoration-thickness: initial; text-decoration-style: initial; text-decoration-color: initial; word-spacing: 0px; margin: 0in 0in 19.5pt 0in;\">Meta thot\u00eb se Kuvendi e humbi mund\u00ebsin\u00eb p\u00ebr seanc\u00eb d\u00ebgjimore n\u00eb dat\u00ebn 10 maj, dhe shton se tashm\u00eb ky Komision \u00ebsht\u00eb sipas tij, n\u00eb shkelje t\u00eb Kushtetut\u00ebs ndaj \u201cs\u2019ka legjitimitet\u201d.<\/p>\n<p style=\"background: white; -webkit-tap-highlight-color: transparent !important; box-sizing: border-box; overflow-wrap: break-word; font-variant-ligatures: normal; font-variant-caps: normal; orphans: 2; widows: 2; -webkit-text-stroke-width: 0px; text-decoration-thickness: initial; text-decoration-style: initial; text-decoration-color: initial; word-spacing: 0px; margin: 0in 0in 19.5pt 0in;\">N\u00eb letr\u00ebn drejtuar Kuvendit, Meta thot\u00eb se Komisioni po monton dosje fiktive ndaj tij.<\/p>\n<p style=\"background: white; -webkit-tap-highlight-color: transparent !important; box-sizing: border-box; overflow-wrap: break-word; font-variant-ligatures: normal; font-variant-caps: normal; orphans: 2; widows: 2; -webkit-text-stroke-width: 0px; text-decoration-thickness: initial; text-decoration-style: initial; text-decoration-color: initial; word-spacing: 0px; margin: 0in 0in 19.5pt 0in;\"><strong style=\"-webkit-tap-highlight-color: transparent !important; box-sizing: border-box;\">Letra e plot\u00eb e Met\u00ebs drejtuar Kuvendit:<\/strong><\/p>\n<p style=\"background: white; -webkit-tap-highlight-color: transparent !important; box-sizing: border-box; overflow-wrap: break-word; font-variant-ligatures: normal; font-variant-caps: normal; orphans: 2; widows: 2; -webkit-text-stroke-width: 0px; text-decoration-thickness: initial; text-decoration-style: initial; text-decoration-color: initial; word-spacing: 0px; margin: 0in 0in 19.5pt 0in;\">REPUBLIKA E SHQIP\u00cbRIS\u00cb<\/p>\n<p style=\"background: white; -webkit-tap-highlight-color: transparent !important; box-sizing: border-box; overflow-wrap: break-word; font-variant-ligatures: normal; font-variant-caps: normal; orphans: 2; widows: 2; -webkit-text-stroke-width: 0px; text-decoration-thickness: initial; text-decoration-style: initial; text-decoration-color: initial; word-spacing: 0px; margin: 0in 0in 19.5pt 0in;\">INSTITUCIONI I PRESIDENTIT T\u00cb REPUBLIK\u00cbS<\/p>\n<p style=\"background: white; -webkit-tap-highlight-color: transparent !important; box-sizing: border-box; overflow-wrap: break-word; font-variant-ligatures: normal; font-variant-caps: normal; orphans: 2; widows: 2; -webkit-text-stroke-width: 0px; text-decoration-thickness: initial; text-decoration-style: initial; text-decoration-color: initial; word-spacing: 0px; margin: 0in 0in 19.5pt 0in;\">KABINETI<\/p>\n<p style=\"background: white; -webkit-tap-highlight-color: transparent !important; box-sizing: border-box; overflow-wrap: break-word; font-variant-ligatures: normal; font-variant-caps: normal; orphans: 2; widows: 2; -webkit-text-stroke-width: 0px; text-decoration-thickness: initial; text-decoration-style: initial; text-decoration-color: initial; word-spacing: 0px; margin: 0in 0in 19.5pt 0in;\">Nr. 1714 Prot.\u00a0\u00a0\u00a0\u00a0\u00a0\u00a0\u00a0\u00a0\u00a0\u00a0\u00a0\u00a0\u00a0\u00a0\u00a0\u00a0\u00a0\u00a0\u00a0\u00a0\u00a0\u00a0\u00a0\u00a0\u00a0\u00a0\u00a0\u00a0\u00a0\u00a0\u00a0\u00a0\u00a0\u00a0\u00a0\u00a0\u00a0\u00a0\u00a0\u00a0\u00a0\u00a0\u00a0\u00a0\u00a0\u00a0\u00a0\u00a0\u00a0\u00a0\u00a0\u00a0\u00a0\u00a0\u00a0\u00a0\u00a0\u00a0\u00a0\u00a0\u00a0\u00a0\u00a0\u00a0\u00a0\u00a0\u00a0 \u00a0\u00a0 \u00a0\u00a0\u00a0\u00a0\u00a0\u00a0\u00a0\u00a0\u00a0\u00a0\u00a0\u00a0 \u00a0\u00a0\u00a0\u00a0\u00a0\u00a0\u00a0\u00a0\u00a0\u00a0\u00a0\u00a0\u00a0Tiran\u00eb, m\u00eb 24.05.2021<\/p>\n<p style=\"background: white; -webkit-tap-highlight-color: transparent !important; box-sizing: border-box; overflow-wrap: break-word; font-variant-ligatures: normal; font-variant-caps: normal; orphans: 2; widows: 2; -webkit-text-stroke-width: 0px; text-decoration-thickness: initial; text-decoration-style: initial; text-decoration-color: initial; word-spacing: 0px; margin: 0in 0in 19.5pt 0in;\">L\u00ebnda: \u00a0 Mbi shkres\u00ebn me nr. prot. 1081\/36, dat\u00eb 21.5.2021, t\u00eb Kuvendit t\u00eb Shqip\u00ebris\u00eb.<\/p>\n<p style=\"background: white; -webkit-tap-highlight-color: transparent !important; box-sizing: border-box; overflow-wrap: break-word; font-variant-ligatures: normal; font-variant-caps: normal; orphans: 2; widows: 2; -webkit-text-stroke-width: 0px; text-decoration-thickness: initial; text-decoration-style: initial; text-decoration-color: initial; word-spacing: 0px; margin: 0in 0in 19.5pt 0in;\">SEKRETARIT T\u00cb P\u00cbRGJITHSH\u00cbM T\u00cb KUVENDIT<\/p>\n<p style=\"background: white; -webkit-tap-highlight-color: transparent !important; box-sizing: border-box; overflow-wrap: break-word; font-variant-ligatures: normal; font-variant-caps: normal; orphans: 2; widows: 2; -webkit-text-stroke-width: 0px; text-decoration-thickness: initial; text-decoration-style: initial; text-decoration-color: initial; word-spacing: 0px; margin: 0in 0in 19.5pt 0in;\">Z. GENCI GJON\u00c7AJ<\/p>\n<p style=\"background: white; -webkit-tap-highlight-color: transparent !important; box-sizing: border-box; overflow-wrap: break-word; font-variant-ligatures: normal; font-variant-caps: normal; orphans: 2; widows: 2; -webkit-text-stroke-width: 0px; text-decoration-thickness: initial; text-decoration-style: initial; text-decoration-color: initial; word-spacing: 0px; margin: 0in 0in 19.5pt 0in;\">T\u00eb nderuar,<\/p>\n<p style=\"background: white; -webkit-tap-highlight-color: transparent !important; box-sizing: border-box; overflow-wrap: break-word; font-variant-ligatures: normal; font-variant-caps: normal; orphans: 2; widows: 2; -webkit-text-stroke-width: 0px; text-decoration-thickness: initial; text-decoration-style: initial; text-decoration-color: initial; word-spacing: 0px; margin: 0in 0in 19.5pt 0in;\">Pran\u00eb Institucionit t\u00eb Presidentit t\u00eb Republik\u00ebs \u00ebsht\u00eb administruar shkresa nr. 1081\/36 prot., dat\u00eb 21.5.2021, e Kuvendit, me an\u00eb t\u00eb s\u00eb cil\u00ebs p\u00ebrcillet shkresa nr. 1081\/36 prot., dat\u00eb 21.5.2021 e n\u00ebnshkruar nga deputeti Alket Hyseni, cil\u00ebsuar n\u00ebn atributet e Kryetarit t\u00eb Komisionit Hetimor me em\u00ebrtimin \u201cP\u00ebr hetimin e shkeljeve t\u00eb r\u00ebnda kushtetuese nga Presidenti i Republik\u00ebs s\u00eb Shqip\u00ebris\u00eb\u201d, me l\u00ebnd\u00eb \u201cThirrje p\u00ebr seanc\u00eb d\u00ebgjimore n\u00eb Komisionin Hetimor\u201d.<\/p>\n<p style=\"background: white; -webkit-tap-highlight-color: transparent !important; box-sizing: border-box; overflow-wrap: break-word; font-variant-ligatures: normal; font-variant-caps: normal; orphans: 2; widows: 2; -webkit-text-stroke-width: 0px; text-decoration-thickness: initial; text-decoration-style: initial; text-decoration-color: initial; word-spacing: 0px; margin: 0in 0in 19.5pt 0in;\">N\u00eb k\u00ebt\u00eb shkres\u00eb, ve\u00e7 t\u00eb tjerave, k\u00ebrkohet prania e Presidentit t\u00eb Republik\u00ebs, Sh.T.Z. Ilir Meta, n\u00eb seanc\u00ebn d\u00ebgjimore n\u00eb dat\u00ebn 24.5.2021, ora 12:00, para struktur\u00ebs t\u00eb em\u00ebrtuar si \u201cKomisioni Hetimor\u201d.<\/p>\n<p style=\"background: white; -webkit-tap-highlight-color: transparent !important; box-sizing: border-box; overflow-wrap: break-word; font-variant-ligatures: normal; font-variant-caps: normal; orphans: 2; widows: 2; -webkit-text-stroke-width: 0px; text-decoration-thickness: initial; text-decoration-style: initial; text-decoration-color: initial; word-spacing: 0px; margin: 0in 0in 19.5pt 0in;\">Ky njoftim, ashtu si gjith\u00eb praktika e d\u00ebrguar deri m\u00eb tani n\u00eb adres\u00eb t\u00eb Institucionit t\u00eb Presidentit t\u00eb Republik\u00ebs, \u00ebsht\u00eb nj\u00eb p\u00ebrpjekje e rradh\u00ebs e Kuvendit, p\u00ebr t\u00eb b\u00ebr\u00eb t\u00eb duket sikur po ndiqet nj\u00eb proces i ligjsh\u00ebm, nd\u00ebrkoh\u00eb q\u00eb si\u00e7 dhe Kuvendi \u00ebsht\u00eb n\u00eb dijeni, ky proces ka nisur n\u00eb kund\u00ebrshtim t\u00eb plot\u00eb me Kushtetut\u00ebn, Rregulloren e Kuvendit, dhe ligjin.<\/p>\n<p style=\"background: white; -webkit-tap-highlight-color: transparent !important; box-sizing: border-box; overflow-wrap: break-word; font-variant-ligatures: normal; font-variant-caps: normal; orphans: 2; widows: 2; -webkit-text-stroke-width: 0px; text-decoration-thickness: initial; text-decoration-style: initial; text-decoration-color: initial; word-spacing: 0px; margin: 0in 0in 19.5pt 0in;\">Para s\u00eb gjithash, ju b\u00ebjm\u00eb s\u00ebrish me dije se, Kuvendi i Shqip\u00ebris\u00eb e humbi mund\u00ebsin\u00eb q\u00eb n\u00ebse do t\u00eb donte t\u00eb zhvillonte nj\u00eb seanc\u00eb d\u00ebgjimore me Presidentin e Republik\u00ebs, ta zhvillonte at\u00eb sipas k\u00ebrkes\u00ebs s\u00eb tij, n\u00eb dat\u00ebn 10 maj 2021, duke e mohur k\u00ebt\u00eb k\u00ebrkes\u00eb n\u00eb m\u00ebnyr\u00eb arbitrare dhe t\u00eb orientuar politikisht.<\/p>\n<p style=\"background: white; -webkit-tap-highlight-color: transparent !important; box-sizing: border-box; overflow-wrap: break-word; font-variant-ligatures: normal; font-variant-caps: normal; orphans: 2; widows: 2; -webkit-text-stroke-width: 0px; text-decoration-thickness: initial; text-decoration-style: initial; text-decoration-color: initial; word-spacing: 0px; margin: 0in 0in 19.5pt 0in;\">Me veprimtarin\u00eb e tyre t\u00eb zhvilluar n\u00eb shkelje t\u00eb parashikimeve t\u00eb detyrueshme p\u00ebr zbatim, Kuvendi e humbi mund\u00ebsin\u00eb e dh\u00ebn\u00eb nga Presidenti i Republik\u00ebs p\u00ebr t\u00eb respektuar Kushtetut\u00ebn, Ligjin dhe Rregulloren e Kuvendit.<\/p>\n<p style=\"background: white; -webkit-tap-highlight-color: transparent !important; box-sizing: border-box; overflow-wrap: break-word; font-variant-ligatures: normal; font-variant-caps: normal; orphans: 2; widows: 2; -webkit-text-stroke-width: 0px; text-decoration-thickness: initial; text-decoration-style: initial; text-decoration-color: initial; word-spacing: 0px; margin: 0in 0in 19.5pt 0in;\">Lidhur me k\u00ebt\u00eb lloj njoftimi t\u00eb p\u00ebrs\u00ebritur nga ana juaj, Presidenti e ka shprehur qart\u00eb vullnetin dhe q\u00ebndrimin e tij n\u00eb shkres\u00ebn me nr. prot. 1651, dat\u00eb 16.5.2021.<\/p>\n<p style=\"background: white; -webkit-tap-highlight-color: transparent !important; box-sizing: border-box; overflow-wrap: break-word; font-variant-ligatures: normal; font-variant-caps: normal; orphans: 2; widows: 2; -webkit-text-stroke-width: 0px; text-decoration-thickness: initial; text-decoration-style: initial; text-decoration-color: initial; word-spacing: 0px; margin: 0in 0in 19.5pt 0in;\">Kjo let\u00ebr dhe ky vullnet i Presidentit t\u00eb Republik\u00ebs ju \u00ebsht\u00eb p\u00ebrcjell\u00eb tashm\u00eb dy her\u00eb. S\u00eb fundmi dhe me shkres\u00ebn me nr. prot. 1651\/3, dat\u00eb 21.5.2021, dor\u00ebzuar n\u00eb Kuvendin e Shqip\u00ebris\u00eb n\u00eb po t\u00eb nj\u00ebjt\u00ebn dat\u00eb, n\u00eb or\u00ebn 14:30.<\/p>\n<p style=\"background: white; -webkit-tap-highlight-color: transparent !important; box-sizing: border-box; overflow-wrap: break-word; font-variant-ligatures: normal; font-variant-caps: normal; orphans: 2; widows: 2; -webkit-text-stroke-width: 0px; text-decoration-thickness: initial; text-decoration-style: initial; text-decoration-color: initial; word-spacing: 0px; margin: 0in 0in 19.5pt 0in;\">Nd\u00ebrkoh\u00eb q\u00eb Kuvendi i Shqip\u00ebris\u00eb, vijon me p\u00ebrgatitjen e dosjeve fiktive, p\u00ebrmes njoftimeve t\u00eb parap\u00ebrgatitura, me q\u00ebllim q\u00eb t\u00eb duket sikur po zhvillon nj\u00eb proces q\u00eb respekton procedur\u00ebn.<\/p>\n<p style=\"background: white; -webkit-tap-highlight-color: transparent !important; box-sizing: border-box; overflow-wrap: break-word; font-variant-ligatures: normal; font-variant-caps: normal; orphans: 2; widows: 2; -webkit-text-stroke-width: 0px; text-decoration-thickness: initial; text-decoration-style: initial; text-decoration-color: initial; word-spacing: 0px; margin: 0in 0in 19.5pt 0in;\">Mjafton k\u00ebtu vet\u00ebm t\u00eb p\u00ebrmendim faktin se, pa pritur ende p\u00ebrgjigjen e Institucionit t\u00eb Presidentit t\u00eb Republik\u00ebs p\u00ebr shkres\u00ebn tuaj me nr. prot. 1081\/32, dat\u00eb 18.05.2021, (p\u00ebrgjigjen e s\u00eb cil\u00ebs e ka marr\u00eb me shkres\u00ebn nr. prot. 1651\/3, dat\u00eb 21.5.2021, administruar nga Kuvendi n\u00eb or\u00ebn 14:30), Kuvendi ka p\u00ebrcjell\u00eb p\u00ebrmes shkres\u00ebs nr. 1081\/36 prot, dat\u00eb 21.05.2021, Kuvendi p\u00ebrs\u00ebrit t\u00eb nj\u00ebjt\u00ebn k\u00ebrkes\u00eb p\u00ebr t\u00eb cil\u00ebn tashm\u00eb kishte marr\u00eb p\u00ebrgjigje.<\/p>\n<p style=\"background: white; -webkit-tap-highlight-color: transparent !important; box-sizing: border-box; overflow-wrap: break-word; font-variant-ligatures: normal; font-variant-caps: normal; orphans: 2; widows: 2; -webkit-text-stroke-width: 0px; text-decoration-thickness: initial; text-decoration-style: initial; text-decoration-color: initial; word-spacing: 0px; margin: 0in 0in 19.5pt 0in;\">Gjithsesi, ju sjellim n\u00eb v\u00ebmendje se, Presidenti i Republik\u00ebs ka b\u00ebr\u00eb t\u00eb qart\u00eb q\u00ebndrimin e tij se, nuk b\u00ebhet pal\u00eb me ask\u00ebnd n\u00eb shkelje t\u00eb Kushtetut\u00ebs s\u00eb Republik\u00ebs s\u00eb Shqip\u00ebris\u00eb.<\/p>\n<p style=\"background: white; -webkit-tap-highlight-color: transparent !important; box-sizing: border-box; overflow-wrap: break-word; font-variant-ligatures: normal; font-variant-caps: normal; orphans: 2; widows: 2; -webkit-text-stroke-width: 0px; text-decoration-thickness: initial; text-decoration-style: initial; text-decoration-color: initial; word-spacing: 0px; margin: 0in 0in 19.5pt 0in;\">Presidenti i Republik\u00ebs nuk mund t\u00eb diskutoj\u00eb, por dhe as t\u00eb d\u00ebgjohet nga nj\u00eb struktur\u00eb e ngritur n\u00eb Kuvend, q\u00eb nuk ka legjitimitet dhe nuk duhet t\u00eb ekzistoj\u00eb sipas Kushtetut\u00ebs dhe ligjit.<\/p>\n<p style=\"background: white; -webkit-tap-highlight-color: transparent !important; box-sizing: border-box; overflow-wrap: break-word; font-variant-ligatures: normal; font-variant-caps: normal; orphans: 2; widows: 2; -webkit-text-stroke-width: 0px; text-decoration-thickness: initial; text-decoration-style: initial; text-decoration-color: initial; word-spacing: 0px; margin: 0in 0in 19.5pt 0in;\">Presidenti i Republik\u00ebs, rip\u00ebrs\u00ebrit edhe nj\u00eb her\u00eb thirrjen p\u00ebr reflektim n\u00eb koh\u00eb nga ana e deputet\u00ebve t\u00eb k\u00ebtij Kuvendi, q\u00eb veprimtarin\u00eb e tyre n\u00eb kushtet e afrimit dita-dit\u00ebs t\u00eb p\u00ebrfundimit t\u00eb mandatit, duhet ta ushtroj\u00eb vet\u00ebm n\u00eb p\u00ebrputhje me rendin e brendsh\u00ebm juridik.<\/p>\n<p style=\"background: white; -webkit-tap-highlight-color: transparent !important; box-sizing: border-box; overflow-wrap: break-word; font-variant-ligatures: normal; font-variant-caps: normal; orphans: 2; widows: 2; -webkit-text-stroke-width: 0px; text-decoration-thickness: initial; text-decoration-style: initial; text-decoration-color: initial; word-spacing: 0px; margin: 0in 0in 19.5pt 0in;\">Sa m\u00eb sip\u00ebr me porosi t\u00eb Presidentit t\u00eb Republik\u00ebs, po jua rid\u00ebrgojm\u00eb edhe nj\u00eb her\u00eb bashk\u00eblidhur shkres\u00ebn me nr. prot. 1651, dat\u00eb 16.5.2021.<\/p>\n<p style=\"background: white; -webkit-tap-highlight-color: transparent !important; box-sizing: border-box; overflow-wrap: break-word; font-variant-ligatures: normal; font-variant-caps: normal; orphans: 2; widows: 2; -webkit-text-stroke-width: 0px; text-decoration-thickness: initial; text-decoration-style: initial; text-decoration-color: initial; word-spacing: 0px; margin: 0in 0in 19.5pt 0in;\">Duke ju uruar pun\u00eb t\u00eb mbar\u00eb,<\/p>\n<p style=\"background: white; -webkit-tap-highlight-color: transparent !important; box-sizing: border-box; overflow-wrap: break-word; font-variant-ligatures: normal; font-variant-caps: normal; orphans: 2; widows: 2; -webkit-text-stroke-width: 0px; text-decoration-thickness: initial; text-decoration-style: initial; text-decoration-color: initial; word-spacing: 0px; margin: 0in 0in 19.5pt 0in;\">DREJTORI I KABINETIT<\/p>\n<p style=\"background: white; -webkit-tap-highlight-color: transparent !important; box-sizing: border-box; overflow-wrap: break-word; font-variant-ligatures: normal; font-variant-caps: normal; orphans: 2; widows: 2; -webkit-text-stroke-width: 0px; text-decoration-thickness: initial; text-decoration-style: initial; text-decoration-color: initial; word-spacing: 0px; margin: 0in 0in 19.5pt 0in;\">Edmond Panariti<\/p>\n<p><img loading=\"lazy\" decoding=\"async\" class=\"alignnone size-medium wp-image-184280\" src=\"https:\/\/zjarr.tv\/wp-content\/uploads\/2021\/05\/Untitled-design-2021-05-24T122925.825-300x251.jpg\" alt=\"\" width=\"300\" height=\"251\" srcset=\"https:\/\/zjarr.tv\/wp-content\/uploads\/2021\/05\/Untitled-design-2021-05-24T122925.825-300x251.jpg 300w, https:\/\/zjarr.tv\/wp-content\/uploads\/2021\/05\/Untitled-design-2021-05-24T122925.825-768x644.jpg 768w, https:\/\/zjarr.tv\/wp-content\/uploads\/2021\/05\/Untitled-design-2021-05-24T122925.825-696x583.jpg 696w, https:\/\/zjarr.tv\/wp-content\/uploads\/2021\/05\/Untitled-design-2021-05-24T122925.825-501x420.jpg 501w, https:\/\/zjarr.tv\/wp-content\/uploads\/2021\/05\/Untitled-design-2021-05-24T122925.825.jpg 940w\" sizes=\"auto, (max-width: 300px) 100vw, 300px\" \/><\/p>","protected":false},"excerpt":{"rendered":"<p>Presidenti Ilir Meta refuzon k\u00ebrkes\u00ebn e Komisionit Hetimor q\u00eb k\u00ebrkon ta shkarkoj\u00eb, p\u00ebr d\u00ebgjes\u00eb me t\u00eb. Meta thot\u00eb se Kuvendi e humbi mund\u00ebsin\u00eb p\u00ebr seanc\u00eb d\u00ebgjimore n\u00eb dat\u00ebn 10 maj, dhe shton se tashm\u00eb ky Komision \u00ebsht\u00eb sipas tij, n\u00eb shkelje t\u00eb Kushtetut\u00ebs ndaj \u201cs\u2019ka legjitimitet\u201d. N\u00eb letr\u00ebn drejtuar Kuvendit, Meta thot\u00eb se Komisioni po [&hellip;]<\/p>\n","protected":false},"author":2030,"featured_media":184279,"comment_status":"closed","ping_status":"closed","sticky":false,"template":"","format":"standard","meta":{"footnotes":""},"categories":[241,1454],"tags":[],"class_list":{"0":"post-184277","1":"post","2":"type-post","3":"status-publish","4":"format-standard","5":"has-post-thumbnail","7":"category-aktualitet","8":"category-politike"},"_links":{"self":[{"href":"https:\/\/zjarr.tv\/en\/wp-json\/wp\/v2\/posts\/184277","targetHints":{"allow":["GET"]}}],"collection":[{"href":"https:\/\/zjarr.tv\/en\/wp-json\/wp\/v2\/posts"}],"about":[{"href":"https:\/\/zjarr.tv\/en\/wp-json\/wp\/v2\/types\/post"}],"author":[{"embeddable":true,"href":"https:\/\/zjarr.tv\/en\/wp-json\/wp\/v2\/users\/2030"}],"replies":[{"embeddable":true,"href":"https:\/\/zjarr.tv\/en\/wp-json\/wp\/v2\/comments?post=184277"}],"version-history":[{"count":0,"href":"https:\/\/zjarr.tv\/en\/wp-json\/wp\/v2\/posts\/184277\/revisions"}],"wp:featuredmedia":[{"embeddable":true,"href":"https:\/\/zjarr.tv\/en\/wp-json\/wp\/v2\/media\/184279"}],"wp:attachment":[{"href":"https:\/\/zjarr.tv\/en\/wp-json\/wp\/v2\/media?parent=184277"}],"wp:term":[{"taxonomy":"category","embeddable":true,"href":"https:\/\/zjarr.tv\/en\/wp-json\/wp\/v2\/categories?post=184277"},{"taxonomy":"post_tag","embeddable":true,"href":"https:\/\/zjarr.tv\/en\/wp-json\/wp\/v2\/tags?post=184277"}],"curies":[{"name":"wp","href":"https:\/\/api.w.org\/{rel}","templated":true}]}}