{"id":184286,"date":"2021-05-24T12:46:01","date_gmt":"2021-05-24T10:46:01","guid":{"rendered":"https:\/\/zjarr.tv\/?p=184286"},"modified":"2021-05-24T12:46:01","modified_gmt":"2021-05-24T10:46:01","slug":"spartak-braho-ashperson-gjuhen-meta-te-thirret-forcerisht-ashtu-sic-mori-dikur","status":"publish","type":"post","link":"https:\/\/zjarr.tv\/en\/spartak-braho-ashperson-gjuhen-meta-te-thirret-forcerisht-ashtu-sic-mori-dikur\/","title":{"rendered":"Spartak Braho ashp\u00ebrson gjuh\u00ebn: Meta t\u00eb thirret forc\u00ebrisht ashtu si\u00e7 mori dikur\u2026"},"content":{"rendered":"<p>An\u00ebtari i Komisionit p\u00ebr Shkarkimin e Presidentit, Spartak Braho, propozon thirrjen me forc\u00eb p\u00ebr d\u00ebgjes\u00eb n\u00eb k\u00ebt\u00eb Komision t\u00eb Ilir Met\u00ebs.<\/p>\n<p>Kreu i Shtetit, refuzoi mund\u00ebsin\u00eb e fundit p\u00ebr d\u00ebgjes\u00eb n\u00eb k\u00ebt\u00eb Komision, nd\u00ebrsa Braho tha se tashm\u00eb \u00ebsht\u00eb koha q\u00eb Meta t\u00eb thirret forc\u00ebrisht, n\u00eb t\u00eb nj\u00ebjt\u00ebn m\u00ebnyr\u00eb si\u00e7 ai ka thirrur dikur Sali Berish\u00ebn.<\/p>\n<p><strong>Deklarata e Brahos n\u00eb Komision:<\/strong><\/p>\n<p>Nuk dua t\u2019i heq asnj\u00eb presje, t\u00eb sillet dhe me forc\u00eb i gjejm\u00eb mjetet. Por \u00ebsht\u00eb \u00e7\u00ebshtje vullneti, do t\u00eb thot\u00eb q\u00eb ai s\u2019ka nd\u00ebrmend t\u00eb njoh\u00eb k\u00ebt\u00eb Kuvend, jo m\u00eb t\u00eb paraqitet. Ky president nuk ka karakter, kjo \u00ebsht\u00eb themelorja. Mua m\u00eb kujtohen ngjarjet e viteve t\u00eb shkuara ku ky president, n\u00eb pozit\u00ebn e kryeministrit n\u00eb at\u00eb koh\u00eb, e mori me forc\u00eb mister debules\u00ebn. Ashtu si\u00e7 Berisha e ka marr\u00eb k\u00ebt\u00eb me forc\u00eb\u00eb n\u00eb 94\u2019 n\u00eb ngjarjet e Poli\u00e7anit. At\u00ebher\u00eb un\u00eb ngre pyetjen, pse s\u2019vjen ky?<\/p>\n<p>Ky ve\u00e7 t\u00eb tjera akuzohet p\u00ebr thirrje me forc\u00eb dhe i parashikuar nga Neni, Kodi Penal. K\u00ebshtu q\u00eb duhet thirrur me forc\u00eb q\u00eb nes\u00ebr. K\u00ebshtu q\u00eb ta votojm\u00eb k\u00ebt\u00eb nism\u00eb.<\/p>\n<p>&nbsp;<\/p>","protected":false},"excerpt":{"rendered":"<p>An\u00ebtari i Komisionit p\u00ebr Shkarkimin e Presidentit, Spartak Braho, propozon thirrjen me forc\u00eb p\u00ebr d\u00ebgjes\u00eb n\u00eb k\u00ebt\u00eb Komision t\u00eb Ilir Met\u00ebs. Kreu i Shtetit, refuzoi mund\u00ebsin\u00eb e fundit p\u00ebr d\u00ebgjes\u00eb n\u00eb k\u00ebt\u00eb Komision, nd\u00ebrsa Braho tha se tashm\u00eb \u00ebsht\u00eb koha q\u00eb Meta t\u00eb thirret forc\u00ebrisht, n\u00eb t\u00eb nj\u00ebjt\u00ebn m\u00ebnyr\u00eb si\u00e7 ai ka thirrur dikur Sali [&hellip;]<\/p>\n","protected":false},"author":2016,"featured_media":184289,"comment_status":"closed","ping_status":"closed","sticky":false,"template":"","format":"standard","meta":{"footnotes":""},"categories":[241],"tags":[3262],"class_list":{"0":"post-184286","1":"post","2":"type-post","3":"status-publish","4":"format-standard","5":"has-post-thumbnail","7":"category-aktualitet","8":"tag-lajme-zjarr-braho-ashperson-gjuhen-zjarr-tv"},"_links":{"self":[{"href":"https:\/\/zjarr.tv\/en\/wp-json\/wp\/v2\/posts\/184286","targetHints":{"allow":["GET"]}}],"collection":[{"href":"https:\/\/zjarr.tv\/en\/wp-json\/wp\/v2\/posts"}],"about":[{"href":"https:\/\/zjarr.tv\/en\/wp-json\/wp\/v2\/types\/post"}],"author":[{"embeddable":true,"href":"https:\/\/zjarr.tv\/en\/wp-json\/wp\/v2\/users\/2016"}],"replies":[{"embeddable":true,"href":"https:\/\/zjarr.tv\/en\/wp-json\/wp\/v2\/comments?post=184286"}],"version-history":[{"count":0,"href":"https:\/\/zjarr.tv\/en\/wp-json\/wp\/v2\/posts\/184286\/revisions"}],"wp:featuredmedia":[{"embeddable":true,"href":"https:\/\/zjarr.tv\/en\/wp-json\/wp\/v2\/media\/184289"}],"wp:attachment":[{"href":"https:\/\/zjarr.tv\/en\/wp-json\/wp\/v2\/media?parent=184286"}],"wp:term":[{"taxonomy":"category","embeddable":true,"href":"https:\/\/zjarr.tv\/en\/wp-json\/wp\/v2\/categories?post=184286"},{"taxonomy":"post_tag","embeddable":true,"href":"https:\/\/zjarr.tv\/en\/wp-json\/wp\/v2\/tags?post=184286"}],"curies":[{"name":"wp","href":"https:\/\/api.w.org\/{rel}","templated":true}]}}