{"id":184296,"date":"2021-05-24T13:18:21","date_gmt":"2021-05-24T11:18:21","guid":{"rendered":"https:\/\/zjarr.tv\/?p=184296"},"modified":"2021-05-24T13:18:21","modified_gmt":"2021-05-24T11:18:21","slug":"mbyllet-hetimi-per-meten-komisioni-administron-provat-cilet-deputete-ishin-kunder-marrjes-me-force-te-presidentit-cfare-do-ndodhe-ne-mbledhjen-e-rradhes","status":"publish","type":"post","link":"https:\/\/zjarr.tv\/en\/mbyllet-hetimi-per-meten-komisioni-administron-provat-cilet-deputete-ishin-kunder-marrjes-me-force-te-presidentit-cfare-do-ndodhe-ne-mbledhjen-e-rradhes\/","title":{"rendered":"Mbyllet hetimi p\u00ebr Met\u00ebn, komisioni administron provat. Cil\u00ebt deputet\u00eb ishin kund\u00ebr marrjes me forc\u00eb t\u00eb presidentit, \u00e7far\u00eb do ndodh\u00eb n\u00eb mbledhjen e rradh\u00ebs"},"content":{"rendered":"<p>Mbledhja e Komisionit Hetimor p\u00ebr shkarkimin e presidentit sapo \u00ebsht\u00eb p\u00ebrmbyllur dhe \u00ebsht\u00eb marr\u00eb vendimi q\u00eb mos t\u00eb d\u00ebrgohen m\u00eb shkresa ndaj presidentit Meta pasi nuk do t\u00eb sh\u00ebrbejn\u00eb p\u00ebr asgj\u00eb.<\/p>\n<p>Deputetja Hysi u shpreh se nuk d\u00ebshironte q\u00eb t\u00eb b\u00ebhej shoq\u00ebrimi me dhun\u00eb i presidentit dhe brezat e tjer\u00eb t\u00eb gjenin n\u00eb arkiva dokumente p\u00ebr t\u00eb cilat do t\u00eb ndiheshin t\u00eb turp\u00ebruar n\u00ebse do t\u2019i lexonin.<\/p>\n<p><em>\u201cDo t\u00eb doja t\u00eb theksoja se lidhur me shkres\u00ebn e sjell\u00eb nga presidenti q\u00eb ne jo paq\u00ebllim ja kemi treguar k\u00ebrkes\u00ebn p\u00ebr tu paraqitur. N\u00eb shkres\u00eb aludohet se ne nuk kemi lexuar p\u00ebrgjigjet e presidentit, duke v\u00ebn\u00eb n\u00eb shkres\u00eb faktin q\u00eb ne nuk i lexojm\u00eb shkresat.<\/em><\/p>\n<p><em>N\u00eb fakt kjo \u00ebsht\u00eb p\u00ebr transparence dhe p\u00ebr rekorde. \u00c7do deputet i k\u00ebtij komisioni, un\u00eb i kam d\u00ebgjuar p\u00ebrgjigjet e Presidentit. Do t\u00eb doja q\u00eb Presidenti t\u00eb mos ishte autori i shkrimit t\u00eb k\u00ebsaj p\u00ebrgjigje, por t\u00eb ken\u00eb qene lapsuse.<\/em><\/p>\n<p><em>Sepse ne kemi theksuar q\u00eb p\u00ebr shkak t\u00eb ngarkes\u00ebs q\u00eb ka presidenti n\u00eb k\u00ebt\u00eb periudh\u00eb ta zgjidhe vet\u00eb dit\u00ebn dhe or\u00ebn. Un\u00eb nuk jam q\u00eb ta th\u00ebrrasim me forc\u00eb. N\u00eb k\u00ebt\u00eb moment nuk duhet t\u00eb tregojm\u00eb para publikut t\u00eb gjere shfaqje q\u00eb nuk jan\u00eb aspak n\u00eb t\u00eb mir\u00eb, qoft\u00eb p\u00ebr qytetar\u00ebt, p\u00ebr imazhin e Republik\u00ebs Parlamentare, p\u00ebr imazhin e institucionit, pasi boll \u00ebsht\u00eb d\u00ebmtuar imazhi. Bie dakord me propozimin e Bushk\u00ebs.<\/em><\/p>\n<p><em>Mos dor\u00ebzoni me k\u00ebrkesa institucionit t\u00eb presidentit. Kemi ezauruar \u00e7do mjet. Nuk do doja q\u00eb n\u00eb arkivin e Parlamentit, brezat e tjer\u00eb t\u00eb gjejn\u00eb letra q\u00eb do ti vinin turp p\u00ebr ti lexuar\u201d<\/em>, deklaroi Hysi.<\/p>\n<p>Kund\u00ebr shoq\u00ebrimit me forc\u00eb t\u00eb presidentit Meta, ishte edhe kyretari Alket Hyseni dhe deputeti Myslym Murrizi.<\/p>\n<p>Komisioni Hetimor do t\u00eb mbliedhet s\u00ebrish dit\u00ebn e nes\u00ebrme dhe brenda k\u00ebsaj jave do t\u00eb dor\u00ebzojn\u00eb raportin finale drejt Kuvendit t\u00eb Republik\u00ebs s\u00eb Shqip\u00ebris\u00eb.<\/p>","protected":false},"excerpt":{"rendered":"<p>Mbledhja e Komisionit Hetimor p\u00ebr shkarkimin e presidentit sapo \u00ebsht\u00eb p\u00ebrmbyllur dhe \u00ebsht\u00eb marr\u00eb vendimi q\u00eb mos t\u00eb d\u00ebrgohen m\u00eb shkresa ndaj presidentit Meta pasi nuk do t\u00eb sh\u00ebrbejn\u00eb p\u00ebr asgj\u00eb. Deputetja Hysi u shpreh se nuk d\u00ebshironte q\u00eb t\u00eb b\u00ebhej shoq\u00ebrimi me dhun\u00eb i presidentit dhe brezat e tjer\u00eb t\u00eb gjenin n\u00eb arkiva dokumente [&hellip;]<\/p>\n","protected":false},"author":2030,"featured_media":184297,"comment_status":"closed","ping_status":"closed","sticky":false,"template":"","format":"standard","meta":{"footnotes":""},"categories":[241,1454],"tags":[],"class_list":{"0":"post-184296","1":"post","2":"type-post","3":"status-publish","4":"format-standard","5":"has-post-thumbnail","7":"category-aktualitet","8":"category-politike"},"_links":{"self":[{"href":"https:\/\/zjarr.tv\/en\/wp-json\/wp\/v2\/posts\/184296","targetHints":{"allow":["GET"]}}],"collection":[{"href":"https:\/\/zjarr.tv\/en\/wp-json\/wp\/v2\/posts"}],"about":[{"href":"https:\/\/zjarr.tv\/en\/wp-json\/wp\/v2\/types\/post"}],"author":[{"embeddable":true,"href":"https:\/\/zjarr.tv\/en\/wp-json\/wp\/v2\/users\/2030"}],"replies":[{"embeddable":true,"href":"https:\/\/zjarr.tv\/en\/wp-json\/wp\/v2\/comments?post=184296"}],"version-history":[{"count":0,"href":"https:\/\/zjarr.tv\/en\/wp-json\/wp\/v2\/posts\/184296\/revisions"}],"wp:featuredmedia":[{"embeddable":true,"href":"https:\/\/zjarr.tv\/en\/wp-json\/wp\/v2\/media\/184297"}],"wp:attachment":[{"href":"https:\/\/zjarr.tv\/en\/wp-json\/wp\/v2\/media?parent=184296"}],"wp:term":[{"taxonomy":"category","embeddable":true,"href":"https:\/\/zjarr.tv\/en\/wp-json\/wp\/v2\/categories?post=184296"},{"taxonomy":"post_tag","embeddable":true,"href":"https:\/\/zjarr.tv\/en\/wp-json\/wp\/v2\/tags?post=184296"}],"curies":[{"name":"wp","href":"https:\/\/api.w.org\/{rel}","templated":true}]}}