{"id":184300,"date":"2021-05-24T13:31:15","date_gmt":"2021-05-24T11:31:15","guid":{"rendered":"https:\/\/zjarr.tv\/?p=184300"},"modified":"2021-05-24T13:31:15","modified_gmt":"2021-05-24T11:31:15","slug":"me-foton-e-enver-hoxhes-ne-duar-dalin-ne-qender-te-qytetit-te-moshuarit-kujtojne-kongresin-e-permetit","status":"publish","type":"post","link":"https:\/\/zjarr.tv\/en\/me-foton-e-enver-hoxhes-ne-duar-dalin-ne-qender-te-qytetit-te-moshuarit-kujtojne-kongresin-e-permetit\/","title":{"rendered":"Me foton e Enver Hoxh\u00ebs n\u00eb duar dalin n\u00eb qend\u00ebr t\u00eb qytetit, t\u00eb moshuarit kujtojn\u00eb Kongresin e P\u00ebrmetit"},"content":{"rendered":"<p style=\"background: white; margin: 0in 0in 19.5pt 0in;\">Si \u00e7do vit dhe k\u00ebsaj rradhe 77-vjetori i\u00a0Kongresit t\u00eb P\u00ebrmetit \u00ebsht\u00eb p\u00ebrkujtuar nga dhjetra nostalgjik\u00eb t\u00eb Enver Hoxh\u00ebs dhe regjimit komunist.<\/p>\n<p style=\"background: white; -webkit-tap-highlight-color: transparent !important; box-sizing: border-box; overflow-wrap: break-word; font-variant-ligatures: normal; font-variant-caps: normal; orphans: 2; widows: 2; -webkit-text-stroke-width: 0px; text-decoration-thickness: initial; text-decoration-style: initial; text-decoration-color: initial; word-spacing: 0px; margin: 0in 0in 19.5pt 0in;\">Dit\u00ebn e sotme ata kan\u00eb dal\u00eb n\u00eb qend\u00ebr t\u00eb qytetit teksa shihen duke mbajtur n\u00eb duar protretin e Hoxh\u00ebs.<\/p>\n<p style=\"background: white; -webkit-tap-highlight-color: transparent !important; box-sizing: border-box; overflow-wrap: break-word; font-variant-ligatures: normal; font-variant-caps: normal; orphans: 2; widows: 2; -webkit-text-stroke-width: 0px; text-decoration-thickness: initial; text-decoration-style: initial; text-decoration-color: initial; word-spacing: 0px; margin: 0in 0in 19.5pt 0in;\">Simpatizant\u00ebt e Enver Hoxh\u00ebs kan\u00eb p\u00ebrkujtuar kontributin e tij n\u00eb Kongresin e P\u00ebrmetit.<\/p>\n<p style=\"background: white; -webkit-tap-highlight-color: transparent !important; box-sizing: border-box; overflow-wrap: break-word; font-variant-ligatures: normal; font-variant-caps: normal; orphans: 2; widows: 2; -webkit-text-stroke-width: 0px; text-decoration-thickness: initial; text-decoration-style: initial; text-decoration-color: initial; word-spacing: 0px; margin: 0in 0in 19.5pt 0in;\">Gjithashtu, e pranishme ka qen\u00eb edhe ministra Mirela Kumbaro e cila gjat\u00eb fjal\u00ebs s\u00eb saj tha se ajo \u00ebsht\u00eb pjes\u00eb e brezit q\u00eb rr\u00ebzoi diktatur\u00ebn dhe nuk ndodhej n\u00eb P\u00ebrmet p\u00ebr t\u00eb shpjeguar historin\u00eb ndaj figur\u00ebs s\u00eb Enver Hoxh\u00ebs.<\/p>\n<p style=\"background: white; -webkit-tap-highlight-color: transparent !important; box-sizing: border-box; overflow-wrap: break-word; font-variant-ligatures: normal; font-variant-caps: normal; orphans: 2; widows: 2; -webkit-text-stroke-width: 0px; text-decoration-thickness: initial; text-decoration-style: initial; text-decoration-color: initial; word-spacing: 0px; margin: 0in 0in 19.5pt 0in;\">\u201c<em>\u00cbsht\u00eb nj\u00eb dat\u00eb e historis\u00eb s\u00eb Shqip\u00ebris\u00eb dhe historia e ka sjell\u00eb q\u00eb kjo dat\u00eb ta ket\u00eb zhvilluar 24 majin k\u00ebtu n\u00eb P\u00ebrmet. Un\u00eb mendoj q\u00eb vendet ku kan\u00eb ndodhur fragmente t\u00eb ndryshme t\u00eb historis\u00eb s\u00eb Shqip\u00ebris\u00eb jan\u00eb shum\u00eb t\u00eb r\u00ebnd\u00ebsishme dhe detyr\u00eb e autoriteteve dhe shoq\u00ebris\u00eb t\u2019i ruajn\u00eb vendet dhe detyr\u00eb e historian\u00ebve t\u00eb b\u00ebjn\u00eb interpretimin e historis\u00eb. Un\u00eb jam pjes\u00eb e brezit q\u00eb rr\u00ebzoi diktatur\u00ebn, nuk jam historiane dhe nuk jam k\u00ebtu p\u00ebr t\u00eb shpjeguar historin\u00eb\u00a0 ndaj figur\u00ebs s\u00eb Enver Hoxh\u00ebs,\u201d<\/em> tha ajo.<\/p>","protected":false},"excerpt":{"rendered":"<p>Si \u00e7do vit dhe k\u00ebsaj rradhe 77-vjetori i\u00a0Kongresit t\u00eb P\u00ebrmetit \u00ebsht\u00eb p\u00ebrkujtuar nga dhjetra nostalgjik\u00eb t\u00eb Enver Hoxh\u00ebs dhe regjimit komunist. Dit\u00ebn e sotme ata kan\u00eb dal\u00eb n\u00eb qend\u00ebr t\u00eb qytetit teksa shihen duke mbajtur n\u00eb duar protretin e Hoxh\u00ebs. Simpatizant\u00ebt e Enver Hoxh\u00ebs kan\u00eb p\u00ebrkujtuar kontributin e tij n\u00eb Kongresin e P\u00ebrmetit. Gjithashtu, e [&hellip;]<\/p>\n","protected":false},"author":2030,"featured_media":184301,"comment_status":"closed","ping_status":"closed","sticky":false,"template":"","format":"standard","meta":{"footnotes":""},"categories":[241],"tags":[],"class_list":{"0":"post-184300","1":"post","2":"type-post","3":"status-publish","4":"format-standard","5":"has-post-thumbnail","7":"category-aktualitet"},"_links":{"self":[{"href":"https:\/\/zjarr.tv\/en\/wp-json\/wp\/v2\/posts\/184300","targetHints":{"allow":["GET"]}}],"collection":[{"href":"https:\/\/zjarr.tv\/en\/wp-json\/wp\/v2\/posts"}],"about":[{"href":"https:\/\/zjarr.tv\/en\/wp-json\/wp\/v2\/types\/post"}],"author":[{"embeddable":true,"href":"https:\/\/zjarr.tv\/en\/wp-json\/wp\/v2\/users\/2030"}],"replies":[{"embeddable":true,"href":"https:\/\/zjarr.tv\/en\/wp-json\/wp\/v2\/comments?post=184300"}],"version-history":[{"count":0,"href":"https:\/\/zjarr.tv\/en\/wp-json\/wp\/v2\/posts\/184300\/revisions"}],"wp:featuredmedia":[{"embeddable":true,"href":"https:\/\/zjarr.tv\/en\/wp-json\/wp\/v2\/media\/184301"}],"wp:attachment":[{"href":"https:\/\/zjarr.tv\/en\/wp-json\/wp\/v2\/media?parent=184300"}],"wp:term":[{"taxonomy":"category","embeddable":true,"href":"https:\/\/zjarr.tv\/en\/wp-json\/wp\/v2\/categories?post=184300"},{"taxonomy":"post_tag","embeddable":true,"href":"https:\/\/zjarr.tv\/en\/wp-json\/wp\/v2\/tags?post=184300"}],"curies":[{"name":"wp","href":"https:\/\/api.w.org\/{rel}","templated":true}]}}