{"id":184308,"date":"2021-05-24T14:16:49","date_gmt":"2021-05-24T12:16:49","guid":{"rendered":"https:\/\/zjarr.tv\/?p=184308"},"modified":"2021-05-24T14:16:49","modified_gmt":"2021-05-24T12:16:49","slug":"favorizuan-aktivitete-te-paligjshme-vihen-nen-hetim-dy-efektivet-ne-elbasan","status":"publish","type":"post","link":"https:\/\/zjarr.tv\/en\/favorizuan-aktivitete-te-paligjshme-vihen-nen-hetim-dy-efektivet-ne-elbasan\/","title":{"rendered":"Favorizuan aktivitete t\u00eb paligjshme, vihen n\u00ebn hetim dy efektiv\u00ebt n\u00eb Elbasan"},"content":{"rendered":"<p style=\"background: white; margin: 0in 0in 19.5pt 0in;\">Dy efektiv\u00eb t\u00eb Krimit Ekonomik n\u00eb Drejtorin\u00eb e Policis\u00eb n\u00eb Elbasan jan\u00eb v\u00ebn\u00eb n\u00ebn hetim.<\/p>\n<p style=\"background: white; -webkit-tap-highlight-color: transparent !important; box-sizing: border-box; overflow-wrap: break-word; font-variant-ligatures: normal; font-variant-caps: normal; orphans: 2; widows: 2; -webkit-text-stroke-width: 0px; text-decoration-thickness: initial; text-decoration-style: initial; text-decoration-color: initial; word-spacing: 0px; margin: 0in 0in 19.5pt 0in;\">B\u00ebhet me dije se efektiv\u00ebt jan\u00eb v\u00ebn\u00eb n\u00eb hetim nga prokuroria e Elbasanit pasi akuzohen se kan\u00eb favorizuar aktivitetet e paligjshme.<\/p>\n<p style=\"background: white; -webkit-tap-highlight-color: transparent !important; box-sizing: border-box; overflow-wrap: break-word; font-variant-ligatures: normal; font-variant-caps: normal; orphans: 2; widows: 2; -webkit-text-stroke-width: 0px; text-decoration-thickness: initial; text-decoration-style: initial; text-decoration-color: initial; word-spacing: 0px; margin: 0in 0in 19.5pt 0in;\">M\u00ebsohet se efektiv\u00ebt, emrat e t\u00eb cil\u00ebve nuk b\u00ebhen me dije kan\u00eb shp\u00ebrdoruar detyr\u00ebn.<\/p>","protected":false},"excerpt":{"rendered":"<p>Dy efektiv\u00eb t\u00eb Krimit Ekonomik n\u00eb Drejtorin\u00eb e Policis\u00eb n\u00eb Elbasan jan\u00eb v\u00ebn\u00eb n\u00ebn hetim. B\u00ebhet me dije se efektiv\u00ebt jan\u00eb v\u00ebn\u00eb n\u00eb hetim nga prokuroria e Elbasanit pasi akuzohen se kan\u00eb favorizuar aktivitetet e paligjshme. M\u00ebsohet se efektiv\u00ebt, emrat e t\u00eb cil\u00ebve nuk b\u00ebhen me dije kan\u00eb shp\u00ebrdoruar detyr\u00ebn.<\/p>","protected":false},"author":2030,"featured_media":184309,"comment_status":"closed","ping_status":"closed","sticky":false,"template":"","format":"standard","meta":{"footnotes":""},"categories":[241],"tags":[],"class_list":{"0":"post-184308","1":"post","2":"type-post","3":"status-publish","4":"format-standard","5":"has-post-thumbnail","7":"category-aktualitet"},"_links":{"self":[{"href":"https:\/\/zjarr.tv\/en\/wp-json\/wp\/v2\/posts\/184308","targetHints":{"allow":["GET"]}}],"collection":[{"href":"https:\/\/zjarr.tv\/en\/wp-json\/wp\/v2\/posts"}],"about":[{"href":"https:\/\/zjarr.tv\/en\/wp-json\/wp\/v2\/types\/post"}],"author":[{"embeddable":true,"href":"https:\/\/zjarr.tv\/en\/wp-json\/wp\/v2\/users\/2030"}],"replies":[{"embeddable":true,"href":"https:\/\/zjarr.tv\/en\/wp-json\/wp\/v2\/comments?post=184308"}],"version-history":[{"count":0,"href":"https:\/\/zjarr.tv\/en\/wp-json\/wp\/v2\/posts\/184308\/revisions"}],"wp:featuredmedia":[{"embeddable":true,"href":"https:\/\/zjarr.tv\/en\/wp-json\/wp\/v2\/media\/184309"}],"wp:attachment":[{"href":"https:\/\/zjarr.tv\/en\/wp-json\/wp\/v2\/media?parent=184308"}],"wp:term":[{"taxonomy":"category","embeddable":true,"href":"https:\/\/zjarr.tv\/en\/wp-json\/wp\/v2\/categories?post=184308"},{"taxonomy":"post_tag","embeddable":true,"href":"https:\/\/zjarr.tv\/en\/wp-json\/wp\/v2\/tags?post=184308"}],"curies":[{"name":"wp","href":"https:\/\/api.w.org\/{rel}","templated":true}]}}