{"id":184312,"date":"2021-05-24T14:23:19","date_gmt":"2021-05-24T12:23:19","guid":{"rendered":"https:\/\/zjarr.tv\/?p=184312"},"modified":"2021-05-24T14:23:19","modified_gmt":"2021-05-24T12:23:19","slug":"u-perplasen-dyert-dhe-dritaret-cako-zbulon-cfshihet-pas-shperthimit-te-mistershem-qe-alarmoi-pak-dite-me-pare","status":"publish","type":"post","link":"https:\/\/zjarr.tv\/en\/u-perplasen-dyert-dhe-dritaret-cako-zbulon-cfshihet-pas-shperthimit-te-mistershem-qe-alarmoi-pak-dite-me-pare\/","title":{"rendered":"U p\u00ebrplas\u00ebn dyert dhe dritaret\u2019, \u00c7ako zbulon \u00e7\u2019fshihet pas shp\u00ebrthimit \u2018t\u00eb mistersh\u00ebm\u2019 q\u00eb alarmoi pak dit\u00eb m\u00eb par\u00eb\u2026"},"content":{"rendered":"<p>Qytetar\u00ebt e Tiran\u00ebs jan\u00eb b\u00ebr\u00eb d\u00ebshmitar\u00eb t\u00eb nj\u00eb shp\u00ebrthimi t\u00eb fuqish\u00ebm pak dit\u00eb m\u00eb par\u00eb, i cili tronditi edhe godinat, dyert dhe dritaret.<\/p>\n<p>Por policia nd\u00ebrkoh\u00eb pas raportimeve t\u00eb shumta nga qytetar\u00ebt tha se nuk ka shp\u00ebrthim.<\/p>\n<p>Konspiracionisti Alfred Cako tha se lufta n\u00ebntok\u00eb p\u00ebr tunelet vazhdon, dhe sipas tij nuk ka qen\u00eb avion t\u00eb NATO-s, sikund\u00ebr u tha fillimisht.<\/p>\n<p><strong>Moderatori Manushi:<\/strong>\u00a0N\u00eb mesjav\u00eb zhurma t\u00eb pashpjegueshme n\u00eb Tiran\u00eb, si e komenton Cako? Shp\u00ebrthime q\u00eb nuk u mor\u00ebn vesh se \u00e7far\u00eb ishin.<\/p>\n<p><strong>Alfred Cako:<\/strong>\u00a0Un\u00eb mendoj q\u00eb lufta n\u00ebntok\u00eb p\u00ebr tunelet vazhdon<\/p>\n<p>Ishin raportimet e dhjetra qytetar\u00ebve q\u00eb jav\u00ebn e kaluar vun\u00eb n\u00eb alarm policin\u00eb p\u00ebr nj\u00eb shp\u00ebrthim, por pas hetimeve duket se t\u00eb gjith\u00eb ishin t\u00eb nj\u00eb mendje se zhurma ishte shkaktuar nga avion t\u00eb NATO-s.<\/p>","protected":false},"excerpt":{"rendered":"<p>Qytetar\u00ebt e Tiran\u00ebs jan\u00eb b\u00ebr\u00eb d\u00ebshmitar\u00eb t\u00eb nj\u00eb shp\u00ebrthimi t\u00eb fuqish\u00ebm pak dit\u00eb m\u00eb par\u00eb, i cili tronditi edhe godinat, dyert dhe dritaret. Por policia nd\u00ebrkoh\u00eb pas raportimeve t\u00eb shumta nga qytetar\u00ebt tha se nuk ka shp\u00ebrthim. Konspiracionisti Alfred Cako tha se lufta n\u00ebntok\u00eb p\u00ebr tunelet vazhdon, dhe sipas tij nuk ka qen\u00eb avion t\u00eb [&hellip;]<\/p>\n","protected":false},"author":2030,"featured_media":184313,"comment_status":"closed","ping_status":"closed","sticky":false,"template":"","format":"standard","meta":{"footnotes":""},"categories":[241,364],"tags":[],"class_list":{"0":"post-184312","1":"post","2":"type-post","3":"status-publish","4":"format-standard","5":"has-post-thumbnail","7":"category-aktualitet","8":"category-koment-opinion"},"_links":{"self":[{"href":"https:\/\/zjarr.tv\/en\/wp-json\/wp\/v2\/posts\/184312","targetHints":{"allow":["GET"]}}],"collection":[{"href":"https:\/\/zjarr.tv\/en\/wp-json\/wp\/v2\/posts"}],"about":[{"href":"https:\/\/zjarr.tv\/en\/wp-json\/wp\/v2\/types\/post"}],"author":[{"embeddable":true,"href":"https:\/\/zjarr.tv\/en\/wp-json\/wp\/v2\/users\/2030"}],"replies":[{"embeddable":true,"href":"https:\/\/zjarr.tv\/en\/wp-json\/wp\/v2\/comments?post=184312"}],"version-history":[{"count":0,"href":"https:\/\/zjarr.tv\/en\/wp-json\/wp\/v2\/posts\/184312\/revisions"}],"wp:featuredmedia":[{"embeddable":true,"href":"https:\/\/zjarr.tv\/en\/wp-json\/wp\/v2\/media\/184313"}],"wp:attachment":[{"href":"https:\/\/zjarr.tv\/en\/wp-json\/wp\/v2\/media?parent=184312"}],"wp:term":[{"taxonomy":"category","embeddable":true,"href":"https:\/\/zjarr.tv\/en\/wp-json\/wp\/v2\/categories?post=184312"},{"taxonomy":"post_tag","embeddable":true,"href":"https:\/\/zjarr.tv\/en\/wp-json\/wp\/v2\/tags?post=184312"}],"curies":[{"name":"wp","href":"https:\/\/api.w.org\/{rel}","templated":true}]}}