{"id":184317,"date":"2021-05-24T14:27:53","date_gmt":"2021-05-24T12:27:53","guid":{"rendered":"https:\/\/zjarr.tv\/?p=184317"},"modified":"2021-05-24T14:27:53","modified_gmt":"2021-05-24T12:27:53","slug":"garon-perballe-bashes-agron-shehaj-therret-konference-urgjente-me-gazetaret","status":"publish","type":"post","link":"https:\/\/zjarr.tv\/en\/garon-perballe-bashes-agron-shehaj-therret-konference-urgjente-me-gazetaret\/","title":{"rendered":"Garon p\u00ebrball\u00eb Bash\u00ebs, Agron Shehaj th\u00ebrret konferenc\u00eb urgjente me gazetar\u00ebt"},"content":{"rendered":"<p>Deputeti i zgjedhur nga radh\u00ebt e Partis\u00eb Demokratike, dhe nj\u00eb nga rival\u00ebt kryesor\u00eb p\u00ebr t\u00eb marr\u00eb postin e kryetarit p\u00ebrball\u00eb Lulzim Bash\u00ebs, Agron Shehaj ka paralajm\u00ebruar sot nj\u00eb konferenc\u00eb me gazetar\u00ebt, ku pritet t\u00eb prezantoj\u00eb dhe platform\u00ebn e tij.<\/p>\n<p><strong>Shehaj ne &#8216;Facebook&#8217;:<\/strong> T\u00eb dashur miq. Ju falenderoj p\u00ebr mb\u00ebshtetjen e vazhdueshme. Sot kam thirrur mediat p\u00ebr konferenc\u00eb shtypi n\u00eb or\u00ebn 18.00. Ju ftoj t\u00eb m\u00eb ndiqni!<\/p>","protected":false},"excerpt":{"rendered":"<p>Deputeti i zgjedhur nga radh\u00ebt e Partis\u00eb Demokratike, dhe nj\u00eb nga rival\u00ebt kryesor\u00eb p\u00ebr t\u00eb marr\u00eb postin e kryetarit p\u00ebrball\u00eb Lulzim Bash\u00ebs, Agron Shehaj ka paralajm\u00ebruar sot nj\u00eb konferenc\u00eb me gazetar\u00ebt, ku pritet t\u00eb prezantoj\u00eb dhe platform\u00ebn e tij. Shehaj ne &#8216;Facebook&#8217;: T\u00eb dashur miq. Ju falenderoj p\u00ebr mb\u00ebshtetjen e vazhdueshme. Sot kam thirrur mediat [&hellip;]<\/p>\n","protected":false},"author":2030,"featured_media":183923,"comment_status":"closed","ping_status":"closed","sticky":false,"template":"","format":"standard","meta":{"footnotes":""},"categories":[241,1454],"tags":[],"class_list":{"0":"post-184317","1":"post","2":"type-post","3":"status-publish","4":"format-standard","5":"has-post-thumbnail","7":"category-aktualitet","8":"category-politike"},"_links":{"self":[{"href":"https:\/\/zjarr.tv\/en\/wp-json\/wp\/v2\/posts\/184317","targetHints":{"allow":["GET"]}}],"collection":[{"href":"https:\/\/zjarr.tv\/en\/wp-json\/wp\/v2\/posts"}],"about":[{"href":"https:\/\/zjarr.tv\/en\/wp-json\/wp\/v2\/types\/post"}],"author":[{"embeddable":true,"href":"https:\/\/zjarr.tv\/en\/wp-json\/wp\/v2\/users\/2030"}],"replies":[{"embeddable":true,"href":"https:\/\/zjarr.tv\/en\/wp-json\/wp\/v2\/comments?post=184317"}],"version-history":[{"count":0,"href":"https:\/\/zjarr.tv\/en\/wp-json\/wp\/v2\/posts\/184317\/revisions"}],"wp:featuredmedia":[{"embeddable":true,"href":"https:\/\/zjarr.tv\/en\/wp-json\/wp\/v2\/media\/183923"}],"wp:attachment":[{"href":"https:\/\/zjarr.tv\/en\/wp-json\/wp\/v2\/media?parent=184317"}],"wp:term":[{"taxonomy":"category","embeddable":true,"href":"https:\/\/zjarr.tv\/en\/wp-json\/wp\/v2\/categories?post=184317"},{"taxonomy":"post_tag","embeddable":true,"href":"https:\/\/zjarr.tv\/en\/wp-json\/wp\/v2\/tags?post=184317"}],"curies":[{"name":"wp","href":"https:\/\/api.w.org\/{rel}","templated":true}]}}