{"id":184319,"date":"2021-05-24T14:42:56","date_gmt":"2021-05-24T12:42:56","guid":{"rendered":"https:\/\/zjarr.tv\/?p=184319"},"modified":"2021-05-24T14:42:56","modified_gmt":"2021-05-24T12:42:56","slug":"ekipi-i-pare-i-mjekeve-nga-turqia-arrijne-ne-fier-spitali-memorial-hap-dyert-me-date-27-maj-urgjencat-kirurgjilake-fillojne-te-parat","status":"publish","type":"post","link":"https:\/\/zjarr.tv\/en\/ekipi-i-pare-i-mjekeve-nga-turqia-arrijne-ne-fier-spitali-memorial-hap-dyert-me-date-27-maj-urgjencat-kirurgjilake-fillojne-te-parat\/","title":{"rendered":"Ekipi i par\u00eb i mjek\u00ebve nga Turqia arrijn\u00eb n\u00eb Fier, Spitali Memorial hap dyert m\u00eb dat\u00eb 27 Maj: Urgjencat kirurgjilake fillojn\u00eb t\u00eb parat"},"content":{"rendered":"<p>Ekipi i par\u00eb i mjek\u00ebve nga Turqia kan\u00eb ardhur n\u00eb Spitalin e ri Memorial t\u00eb Fierit. N\u00eb dat\u00ebn 27 Maj, spitali do t\u00eb hap dyert p\u00ebr t\u00eb pritur pacient\u00ebt e par\u00eb. T\u00eb pranish\u00ebm kan\u00eb qen\u00eb mjek\u00ebt turq dhe koleg\u00ebt e tyre shqiptar\u00eb q\u00eb do t\u00eb punojn\u00eb s\u00eb bashku.<\/p>\n<p>\u201c<em>T\u00eb enjten n\u00eb dat\u00eb 27 Maj do t\u00eb jet\u00eb momenti i hapjes s\u00eb dyerve t\u00eb spitalit. Ne kemi vendosur t\u00eb jemi n\u00eb nj\u00eb organizim me faza. Faza e par\u00eb do jen\u00eb urgjencat kirurgjikale\u2026\u201d<\/em>, u shpreh ministrja Ogerta Manastirliu.<\/p>\n<p>Nd\u00ebrkoh\u00eb, nj\u00eb mjek i ardhur nga Turqia tha se sot bashk\u00eb me t\u00eb kishin ardhur dhe 8 koleg\u00eb t\u00eb tjer\u00eb, e m\u00eb pas n\u00eb dit\u00ebt n\u00eb vazhdim do t\u00eb vij\u00eb dhe pjesa tjet\u00ebr e ekipit. <em>\u201cNj\u00eb pjes\u00eb e ekipit ton\u00eb kan\u00eb ardhur. 7-8 mjek\u00eb. P\u00ebr 15 dit\u00eb do t\u00eb vij\u00eb dhe pjesa tjet\u00ebr. Do arrijm\u00eb t\u00eb b\u00ebjm\u00eb gj\u00ebra shum\u00eb t\u00eb mira n\u00eb k\u00ebt\u00eb spital\u201d,<\/em> tha ai.<\/p>","protected":false},"excerpt":{"rendered":"<p>Ekipi i par\u00eb i mjek\u00ebve nga Turqia kan\u00eb ardhur n\u00eb Spitalin e ri Memorial t\u00eb Fierit. N\u00eb dat\u00ebn 27 Maj, spitali do t\u00eb hap dyert p\u00ebr t\u00eb pritur pacient\u00ebt e par\u00eb. T\u00eb pranish\u00ebm kan\u00eb qen\u00eb mjek\u00ebt turq dhe koleg\u00ebt e tyre shqiptar\u00eb q\u00eb do t\u00eb punojn\u00eb s\u00eb bashku. \u201cT\u00eb enjten n\u00eb dat\u00eb 27 Maj do [&hellip;]<\/p>\n","protected":false},"author":2030,"featured_media":184320,"comment_status":"closed","ping_status":"closed","sticky":false,"template":"","format":"standard","meta":{"footnotes":""},"categories":[241],"tags":[],"class_list":{"0":"post-184319","1":"post","2":"type-post","3":"status-publish","4":"format-standard","5":"has-post-thumbnail","7":"category-aktualitet"},"_links":{"self":[{"href":"https:\/\/zjarr.tv\/en\/wp-json\/wp\/v2\/posts\/184319","targetHints":{"allow":["GET"]}}],"collection":[{"href":"https:\/\/zjarr.tv\/en\/wp-json\/wp\/v2\/posts"}],"about":[{"href":"https:\/\/zjarr.tv\/en\/wp-json\/wp\/v2\/types\/post"}],"author":[{"embeddable":true,"href":"https:\/\/zjarr.tv\/en\/wp-json\/wp\/v2\/users\/2030"}],"replies":[{"embeddable":true,"href":"https:\/\/zjarr.tv\/en\/wp-json\/wp\/v2\/comments?post=184319"}],"version-history":[{"count":0,"href":"https:\/\/zjarr.tv\/en\/wp-json\/wp\/v2\/posts\/184319\/revisions"}],"wp:featuredmedia":[{"embeddable":true,"href":"https:\/\/zjarr.tv\/en\/wp-json\/wp\/v2\/media\/184320"}],"wp:attachment":[{"href":"https:\/\/zjarr.tv\/en\/wp-json\/wp\/v2\/media?parent=184319"}],"wp:term":[{"taxonomy":"category","embeddable":true,"href":"https:\/\/zjarr.tv\/en\/wp-json\/wp\/v2\/categories?post=184319"},{"taxonomy":"post_tag","embeddable":true,"href":"https:\/\/zjarr.tv\/en\/wp-json\/wp\/v2\/tags?post=184319"}],"curies":[{"name":"wp","href":"https:\/\/api.w.org\/{rel}","templated":true}]}}