{"id":184330,"date":"2021-05-24T15:26:57","date_gmt":"2021-05-24T13:26:57","guid":{"rendered":"https:\/\/zjarr.tv\/?p=184330"},"modified":"2021-05-24T15:26:57","modified_gmt":"2021-05-24T13:26:57","slug":"a-eshte-e-drejte-gara-per-kreun-e-pd-se-reagon-ish-ministri-besnik-mustafaj-komenton-edhe-vendimin-e-dash-per-sali-berishen","status":"publish","type":"post","link":"https:\/\/zjarr.tv\/en\/a-eshte-e-drejte-gara-per-kreun-e-pd-se-reagon-ish-ministri-besnik-mustafaj-komenton-edhe-vendimin-e-dash-per-sali-berishen\/","title":{"rendered":"A \u00ebsht\u00eb e drejt\u00eb gara p\u00ebr kreun e PD-s\u00eb? Reagon ish-ministri Besnik Mustafaj, komenton edhe vendimin e DASH p\u00ebr Sali Berish\u00ebn"},"content":{"rendered":"<p>Ish-ministri i jasht\u00ebm nga radh\u00ebt e PD-s\u00eb Besnik Mustafaj, teksa ka qen\u00eb n\u00eb Universitetin e Kor\u00e7\u00ebs p\u00ebr promovimin e librit t\u00eb tij, nuk i ka shp\u00ebtuar pyetjeve mbi gar\u00ebn q\u00eb ka nisur p\u00ebr kryetarin e forc\u00ebs m\u00eb t\u00eb madhe t\u00eb opozit\u00ebs.<\/p>\n<p>Sa i takon gar\u00ebs, Mustafa tha se kandidat\u00ebt do t\u00eb duhej q\u00eb t\u00eb kishin m\u00eb shum\u00eb koh\u00eb n\u00eb dispozicion p\u00ebr t\u00eb paraqitur idet\u00eb dhe platform\u00ebn e tyre, nd\u00ebrsa tha se sa koh\u00eb q\u00eb ata kan\u00eb vendosur t\u00eb garojn\u00eb, besojn\u00eb se mund ti thyejn\u00eb k\u00ebto pengesa.<\/p>\n<p><em style=\"font-weight: inherit;\">\u201cUn\u00eb jam si ju n\u00eb k\u00ebt\u00eb proces, e shoh vet\u00ebm nga jasht\u00eb. Jan\u00eb caktuar disa kritere nga kryesia e partis\u00eb demokratike, do t\u00eb degjojm\u00eb argumentat e atyre q\u00eb jan\u00eb p\u00ebrjashtuar, n\u00ebse e kuptojn\u00eb q\u00eb jan\u00eb brenda kritereve apo jo. Un\u00eb nuk jam n\u00eb gjendje t\u00eb vler\u00ebsoj kriteret n\u00ebse ishin t\u00eb drejta apo jo.<\/em><\/p>\n<p><em style=\"font-weight: inherit;\"> Koha e shkurt\u00ebr n\u00eb perceptimin tim nuk do i lejoj\u00eb ata q\u00eb t\u00eb shfaqin alternativat e v\u00ebrteta. T\u00eb mos b\u00ebjm\u00eb at\u00eb q\u00eb \u201ci zoti e jep e tellalli se jep\u201d. Un\u00eb n\u00eb k\u00ebt\u00eb rast jam tellalli, ata q\u00eb jan\u00eb n\u00eb gar\u00eb jan\u00eb vler\u00ebsuesit e v\u00ebrtet\u00eb t\u00eb mund\u00ebsive\u201d,<\/em>\u00a0\u2013 u shpreh Mustafaj p\u00ebrpara gazetar\u00ebve.<\/p>\n<p>I pyetur p\u00ebr \u00e7\u00ebshtjen \u201cBerisha\u2019, ku DASH e shpalli non grata ish-kryeministrin, Mustafaj tha:<\/p>\n<p><em style=\"font-weight: inherit;\">\u201c\u00cbsht\u00eb n\u00eb nj\u00eb proces gjyq\u00ebsor, t\u00eb shohim \u00e7far\u00eb do ndodh\u00eb\u201d.<\/em><\/p>\n<p>I pyetur p\u00ebr Lulzim Bash\u00ebn n\u00ebse duhet t\u00eb jepte apo dor\u00ebheqjen pas humbjes s\u00eb zgjedhjeve t\u00eb 25 Prillit, Mustafaj nuk ka pranuar t\u00eb komentoj\u00eb.<\/p>","protected":false},"excerpt":{"rendered":"<p>Ish-ministri i jasht\u00ebm nga radh\u00ebt e PD-s\u00eb Besnik Mustafaj, teksa ka qen\u00eb n\u00eb Universitetin e Kor\u00e7\u00ebs p\u00ebr promovimin e librit t\u00eb tij, nuk i ka shp\u00ebtuar pyetjeve mbi gar\u00ebn q\u00eb ka nisur p\u00ebr kryetarin e forc\u00ebs m\u00eb t\u00eb madhe t\u00eb opozit\u00ebs. Sa i takon gar\u00ebs, Mustafa tha se kandidat\u00ebt do t\u00eb duhej q\u00eb t\u00eb kishin [&hellip;]<\/p>\n","protected":false},"author":2030,"featured_media":184331,"comment_status":"closed","ping_status":"closed","sticky":false,"template":"","format":"standard","meta":{"footnotes":""},"categories":[241,364,1454],"tags":[],"class_list":{"0":"post-184330","1":"post","2":"type-post","3":"status-publish","4":"format-standard","5":"has-post-thumbnail","7":"category-aktualitet","8":"category-koment-opinion","9":"category-politike"},"_links":{"self":[{"href":"https:\/\/zjarr.tv\/en\/wp-json\/wp\/v2\/posts\/184330","targetHints":{"allow":["GET"]}}],"collection":[{"href":"https:\/\/zjarr.tv\/en\/wp-json\/wp\/v2\/posts"}],"about":[{"href":"https:\/\/zjarr.tv\/en\/wp-json\/wp\/v2\/types\/post"}],"author":[{"embeddable":true,"href":"https:\/\/zjarr.tv\/en\/wp-json\/wp\/v2\/users\/2030"}],"replies":[{"embeddable":true,"href":"https:\/\/zjarr.tv\/en\/wp-json\/wp\/v2\/comments?post=184330"}],"version-history":[{"count":0,"href":"https:\/\/zjarr.tv\/en\/wp-json\/wp\/v2\/posts\/184330\/revisions"}],"wp:featuredmedia":[{"embeddable":true,"href":"https:\/\/zjarr.tv\/en\/wp-json\/wp\/v2\/media\/184331"}],"wp:attachment":[{"href":"https:\/\/zjarr.tv\/en\/wp-json\/wp\/v2\/media?parent=184330"}],"wp:term":[{"taxonomy":"category","embeddable":true,"href":"https:\/\/zjarr.tv\/en\/wp-json\/wp\/v2\/categories?post=184330"},{"taxonomy":"post_tag","embeddable":true,"href":"https:\/\/zjarr.tv\/en\/wp-json\/wp\/v2\/tags?post=184330"}],"curies":[{"name":"wp","href":"https:\/\/api.w.org\/{rel}","templated":true}]}}