{"id":184338,"date":"2021-05-24T16:33:12","date_gmt":"2021-05-24T14:33:12","guid":{"rendered":"https:\/\/zjarr.tv\/?p=184338"},"modified":"2021-05-24T16:33:12","modified_gmt":"2021-05-24T14:33:12","slug":"zbardhen-debatet-brenda-pd-se-kush-e-skualifikoi-ibsen-elezin-dhe-kush-ishte-kunder-agron-shehajt-vokshi-i-del-ne-mbrojtje-perse-mos-te-kandidojne","status":"publish","type":"post","link":"https:\/\/zjarr.tv\/en\/zbardhen-debatet-brenda-pd-se-kush-e-skualifikoi-ibsen-elezin-dhe-kush-ishte-kunder-agron-shehajt-vokshi-i-del-ne-mbrojtje-perse-mos-te-kandidojne\/","title":{"rendered":"Zbardhen DEBATET brenda PD-s\u00eb\/ Kush e skualifikoi Ibsen Elezin dhe kush ishte kund\u00ebr Agron Shehajt; Vokshi i del n\u00eb mbrojtje: P\u00ebrse mos t\u00eb kandidojn\u00eb?"},"content":{"rendered":"<p>Kryesia e Partis\u00eb Demokratike miratoi dje list\u00ebn p\u00ebrfundimtare t\u00eb kandidat\u00ebve p\u00ebr kryetar\u00eb. Kreu i PD Lulzim Basha mungoi pasi e konsideroi pjes\u00ebmarrjen e tij \u201ckonflikt interesi\u201d, nd\u00ebrkoh\u00eb q\u00eb n\u00eb Kolegj kishin mb\u00ebrritur 9 emra q\u00eb do t\u00eb garonin.<\/p>\n<p>4 prej tyre u skualifikuan automatikisht, pasi nuk p\u00ebrmbushnin nj\u00eb nga kriteret: T\u00eb jesh an\u00ebtar i PD-s\u00eb. Emrat kandidat\u00ebve t\u00eb p\u00ebrjashtuar jan\u00eb Admir Mulaj, Edmond Vrapi, Marjan Jashanllari, Sabri Hoxha. Nd\u00ebrkoh\u00eb gjat\u00eb mbledhjes pati debate p\u00ebr Ibsen elezin dhe Agron Shehajn.<\/p>\n<p>Kreshnik \u00c7ollaku tha se Elezi gjithmon\u00eb ka dashur ta shkat\u00ebrroj\u00eb PD-n\u00eb nd\u00ebrsa p\u00ebr Agron Shehajn u tha se \u00ebsht\u00eb duke b\u00ebr\u00eb marketing politik p\u00ebr veten e tij dhe jo p\u00ebr q\u00ebllime t\u00eb mira brenda partis\u00eb. Abstenimet m\u00eb t\u00eb shumta kan\u00eb qen\u00eb p\u00ebr t\u00eb, raporton gazeta Panorama.<\/p>\n<p><strong>DEBATI I PLOT\u00cb<\/strong><\/p>\n<p><strong>Gazment Bardhi:<\/strong>\u00a0Do t\u00eb nisim diskutimet n\u00eb parim apo do t\u00eb flasim p\u00ebr kandidat\u00ebt? N\u00eb list\u00eb, 4 prej kandidat\u00ebve nuk jan\u00eb an\u00ebtar\u00eb t\u00eb Partis\u00eb Demokratike, k\u00ebshtu q\u00eb jan\u00eb automatikisht t\u00eb skualifikuar nga gara.<\/p>\n<p><strong>Enkelejd Alibeaj:<\/strong>\u00a0Por ne nuk duhet q\u00eb t\u00eb jemi p\u00ebrjashtues. Mbase ata jan\u00eb simpatizant\u00eb t\u00eb Partis\u00eb Demokratike dhe kan\u00eb idealet e tyre.<\/p>\n<p><strong>Gazment Bardhi:<\/strong>\u00a0Jan\u00eb kontrolluar dhe nuk jan\u00eb as an\u00ebtar\u00eb te lista aktive dhe tek ajo joaktive. Nuk jan\u00eb simpatizant\u00eb. Le ta hedhim n\u00eb votim (4 kandidat\u00ebt skualifikohen me vot\u00eb unanime)<\/p>\n<p><strong>DISKUTIMI MBI KANDIDATURAT E TJERA<\/strong><\/p>\n<p><strong>Kreshnik \u00c7ollaku:\u00a0<\/strong>Un\u00eb mendoj se duhet t\u00eb jet\u00eb n\u00eb gar\u00eb Basha, Kadilli dhe Harxhi. Nuk mendoj se ka vend p\u00ebr persona t\u00eb cil\u00ebt mendojn\u00eb m\u00eb shum\u00eb p\u00ebr promovimin e tyre politik. Nuk mund t\u2019i japim z\u00eb nj\u00eb njeriu p\u00ebr marketing politik. Duhet q\u00eb t\u00eb ket\u00eb platform\u00eb, duhet t\u00eb ket\u00eb ide. Ibseni ka dashur gjithmon\u00eb t\u00eb shkat\u00ebrroj\u00eb PD-n\u00eb, duke e sulmuar nga matan\u00eb gardhit.<\/p>\n<p><strong>Enno Bozdo:<\/strong>\u00a0Un\u00eb nuk jam dakord q\u00eb n\u00eb gar\u00eb t\u00eb jet\u00eb Edit Harxhi, sepse nuk ka ndonj\u00eb kontribut t\u00eb ve\u00e7ant\u00eb n\u00eb gar\u00eb.<\/p>\n<p><strong>Albana Vokshi:\u00a0<\/strong>P\u00ebrse t\u00eb mos jet\u00eb Agroni dhe Editi? Ne jemi Partia Demokratike dhe jemi t\u00eb hapur. Nuk duhet q\u00eb t\u00eb krijojm\u00eb armiq kot.<\/p>\n<p><strong>Gazment Bardhi:\u00a0<\/strong>Ok, at\u00ebher\u00eb do t\u00eb mbajm\u00eb vet\u00ebm k\u00ebt\u00eb short: list\u00ebn me 4 kandidat\u00ebt.<\/p>\n<p><strong>Florion Mima:\u00a0<\/strong>Kjo mbase \u00ebsht\u00eb mbledhja e fundit q\u00eb un\u00eb marr pjes\u00eb. Nuk kam asnj\u00eb interes. Por un\u00eb mendoj q\u00eb n\u00eb gar\u00eb t\u00eb jen\u00eb q\u00eb t\u00eb 4 kandidat\u00ebt e le t\u00eb fitoj\u00eb ai q\u00eb ka m\u00eb shum\u00eb mb\u00ebshtetje nga an\u00ebtar\u00ebsia.<\/p>\n<p><strong>Jorida Tabaku:<\/strong>\u00a0Parimisht jam dakord q\u00eb t\u00eb jet\u00eb lista me 4 kandidat\u00ebt. Por ne nuk mund t\u00eb vendosim kandidat\u00eb njer\u00ebz q\u00eb kan\u00eb momentet e lavdis\u00eb n\u00eb TV. Cil\u00ebsia e k\u00ebsaj gare do t\u00eb tregoj\u00eb cil\u00ebsin\u00eb e partis\u00eb nes\u00ebr dhe ne duhet te sigurohemi q\u00eb ka gjith\u00ebp\u00ebrfshirje.<\/p>\n<p><strong>Dhurata \u00c7upi:\u00a0<\/strong>Edhe un\u00eb mendoj se duhet t\u2019i p\u00ebrfshijm\u00eb t\u00eb 4 n\u00eb gar\u00eb. N\u00ebse n\u00eb mesin e tyre ka pasur njer\u00ebz q\u00eb kan\u00eb hedhur gur\u00eb ndaj PD-s\u00eb, ne duhet t\u2019u tregojm\u00eb t\u00eb kund\u00ebrt\u00ebn. Ndaj, mendoj se duhet t\u00eb jen\u00eb t\u00eb 4 n\u00eb gar\u00eb. Duhet t\u00eb jemi parimor\u00eb.<\/p>\n<p><strong>Jemin Gjana:<\/strong>\u00a0N\u00ebse bazohemi n\u00eb historikun e gar\u00ebs n\u00eb Partin\u00eb Demokratike, at\u00ebher\u00eb mund t\u00eb them se n\u00eb gar\u00ebn e PD-s\u00eb ka pasur kryesisht nga dy kandidat\u00eb. Madje ka pasur raste edhe me 1, por ne nuk do ta b\u00ebjm\u00eb si historia e Maqo Lakrorit.<\/p>\n<p><strong>Enkelejd Alibeaj:\u00a0<\/strong>P\u00ebr mua 3 kandidatura jan\u00eb ok. Editi edhe pse s\u2019ka b\u00ebr\u00eb shum\u00eb p\u00ebr Partin\u00eb Demokratike, mendoj se n\u00eb K\u00ebshillin Komb\u00ebtar nuk ka qen\u00eb penguese, ka votuar. Nuk mendoj se duhet ta p\u00ebrjashtojm\u00eb.<\/p>\n<p><strong>Grida Duma:\u00a0<\/strong>Kjo kryesi ka detyr\u00eb jo t\u00eb gjykoj\u00eb sjelljet e askujt, por t\u00eb shqyrtoj\u00eb kriteret dhe nj\u00eb seriozitet t\u00eb statur\u00ebs s\u00eb kandidat\u00ebve. \u00c7ka do t\u00eb thot\u00eb, statura e tyre duhet t\u00eb ket\u00eb nj\u00eb minimum t\u00eb figur\u00ebs publike komb\u00ebtare, ve\u00e7 kritereve konkrete t\u00eb tjera.<\/p>\n<p><strong>Gazment Bardhi:<\/strong>\u00a0Ok, at\u00ebher\u00eb le t\u00eb hedhim n\u00eb votim 4 kandidaturat. Nuk marrin pjes\u00eb n\u00eb votim Fatbardh Kadilli dhe an\u00ebtar\u00ebt e komisionit (Albana, Belind K\u00eblli\u00e7i)<\/p>\n<p><strong>Gazment Bardhi:<\/strong>\u00a0Lulzim Basha? (Kryesia miraton me vot\u00eb unanime)<\/p>\n<p><strong>Gazment Bardhi:<\/strong>\u00a0Fatbardh Kadilli? (Kryesia miraton me vot\u00eb unanime)<\/p>\n<p><strong>Gazment Bardhi:\u00a0<\/strong>Edit Harxhi? (Miratohet. Abstenojn\u00eb Kreshnik \u00c7ollaku,\u00a0Endri Hasa, Enno Bozdo, Ivi Kaso).<\/p>\n<p><strong>Gazment Bardhi:\u00a0<\/strong>Agron Shehaj? (Miratohet. Abstenojn\u00eb Kreshnik \u00c7ollaku, Edi Paloka, Enno Bozdo, Ivi Kaso, Ina Zhupa, Jorida Tabaku)<\/p>\n<p>&nbsp;<\/p>","protected":false},"excerpt":{"rendered":"<p>Kryesia e Partis\u00eb Demokratike miratoi dje list\u00ebn p\u00ebrfundimtare t\u00eb kandidat\u00ebve p\u00ebr kryetar\u00eb. Kreu i PD Lulzim Basha mungoi pasi e konsideroi pjes\u00ebmarrjen e tij \u201ckonflikt interesi\u201d, nd\u00ebrkoh\u00eb q\u00eb n\u00eb Kolegj kishin mb\u00ebrritur 9 emra q\u00eb do t\u00eb garonin. 4 prej tyre u skualifikuan automatikisht, pasi nuk p\u00ebrmbushnin nj\u00eb nga kriteret: T\u00eb jesh an\u00ebtar i PD-s\u00eb. [&hellip;]<\/p>\n","protected":false},"author":2030,"featured_media":184339,"comment_status":"closed","ping_status":"closed","sticky":false,"template":"","format":"standard","meta":{"footnotes":""},"categories":[241,1454],"tags":[],"class_list":{"0":"post-184338","1":"post","2":"type-post","3":"status-publish","4":"format-standard","5":"has-post-thumbnail","7":"category-aktualitet","8":"category-politike"},"_links":{"self":[{"href":"https:\/\/zjarr.tv\/en\/wp-json\/wp\/v2\/posts\/184338","targetHints":{"allow":["GET"]}}],"collection":[{"href":"https:\/\/zjarr.tv\/en\/wp-json\/wp\/v2\/posts"}],"about":[{"href":"https:\/\/zjarr.tv\/en\/wp-json\/wp\/v2\/types\/post"}],"author":[{"embeddable":true,"href":"https:\/\/zjarr.tv\/en\/wp-json\/wp\/v2\/users\/2030"}],"replies":[{"embeddable":true,"href":"https:\/\/zjarr.tv\/en\/wp-json\/wp\/v2\/comments?post=184338"}],"version-history":[{"count":0,"href":"https:\/\/zjarr.tv\/en\/wp-json\/wp\/v2\/posts\/184338\/revisions"}],"wp:featuredmedia":[{"embeddable":true,"href":"https:\/\/zjarr.tv\/en\/wp-json\/wp\/v2\/media\/184339"}],"wp:attachment":[{"href":"https:\/\/zjarr.tv\/en\/wp-json\/wp\/v2\/media?parent=184338"}],"wp:term":[{"taxonomy":"category","embeddable":true,"href":"https:\/\/zjarr.tv\/en\/wp-json\/wp\/v2\/categories?post=184338"},{"taxonomy":"post_tag","embeddable":true,"href":"https:\/\/zjarr.tv\/en\/wp-json\/wp\/v2\/tags?post=184338"}],"curies":[{"name":"wp","href":"https:\/\/api.w.org\/{rel}","templated":true}]}}