{"id":184351,"date":"2021-05-24T17:02:22","date_gmt":"2021-05-24T15:02:22","guid":{"rendered":"https:\/\/zjarr.tv\/?p=184351"},"modified":"2021-05-24T17:02:22","modified_gmt":"2021-05-24T15:02:22","slug":"perdhunimi-i-15-vjecares-xhaxhai-denoncon-nuk-jane-5-por-8-abuzues","status":"publish","type":"post","link":"https:\/\/zjarr.tv\/en\/perdhunimi-i-15-vjecares-xhaxhai-denoncon-nuk-jane-5-por-8-abuzues\/","title":{"rendered":"P\u00ebrdhunimi i 15-vje\u00e7ares\/ Xhaxhai denoncon: Nuk jan\u00eb 5 por 8 abuzues"},"content":{"rendered":"<p>Ngjarja e r\u00ebnd\u00eb n\u00eb Mirdit\u00eb, ku nj\u00eb 15-vje\u00e7are u abuzua seksualisht nga disa persona, duket se po merr p\u00ebrmasa edhe m\u00eb t\u00eb r\u00ebnda.<\/p>\n<p>Xhaxhai i vajz\u00ebs ka th\u00ebn\u00eb sot n\u00eb nj\u00eb d\u00ebshmi p\u00ebr emisionin \u2018Me zem\u00ebr t\u00eb hapur\u2019 se ka dyshime q\u00eb rrethi i personave q\u00eb kan\u00eb abuzuar me t\u00eb mitur\u00ebn t\u00eb ket\u00eb qen\u00eb edhe m\u00eb i madh.<\/p>\n<p>Sipas tij, dyshohet se abuzuesit jan\u00eb 8 dhe jo 5 nga sa u pretendua m\u00eb her\u00ebt. Mes t\u00eb tjerash ai i b\u00ebri thirrje shtetit q\u00eb t\u00eb zbardh\u00eb ngjarjen si dhe t\u00eb \u00e7oj\u00eb autor\u00ebt para drejt\u00ebsis\u00eb. Ai i b\u00ebri thirrje edhe ambasadores s\u00eb SHBA-ve Yuri Kim.<\/p>\n<p><em>\u201cKa edhe persona t\u00eb tjer\u00eb t\u00eb implikuar. Sot pasi pam\u00eb dhe nj\u00eb protest\u00eb madh\u00ebshtore, n\u00eb p\u00ebrkrahje t\u00eb k\u00ebsaj minorene, n\u00eb luft\u00eb kund\u00ebr k\u00ebtyre pedofil\u00ebve. Lista e pedofil\u00ebve \u00ebsht\u00eb me e gjer\u00eb. Numri nga 5, n\u00eb baz\u00eb t\u00eb t\u00eb dh\u00ebnave, shkon n\u00eb 8. Ato tabulatet q\u00eb jan\u00eb sekuestruara nga prokuroria, i kam th\u00ebn\u00eb oficerit, q\u00eb tabulatat nuk preken dhe se do t\u2019i hap\u00eb prokurorja. Iu b\u00ebj thirrje prokurores q\u00eb t\u2019i shoh k\u00ebto tabulate dhe njer\u00ebzit q\u00eb jan\u00eb futur n\u00eb k\u00ebt\u00eb grup, t\u00eb merren t\u00eb pandehur. I them shtetit; \u201cshtetin tim e dua shum\u00eb, se i kemi falur 5 njer\u00ebzit. Se sot do ishin n\u00eb varr\u201d. Un\u00eb i k\u00ebrkoj n\u00eb m\u00ebnyr\u00eb t\u00eb ve\u00e7ant\u00eb ambasadores Yuri Kim q\u00eb t\u00eb ndjek\u00eb me p\u00ebrpar\u00ebsi k\u00ebt\u00eb gj\u00eb, dhe gjykatave.\u201d,<\/em>\u00a0u shpreh xhaxhai i 15-vje\u00e7ares\u00a0p\u00ebr emisionin \u2018Me zem\u00ebr t\u00eb hapur\u2019.<\/p>","protected":false},"excerpt":{"rendered":"<p>Ngjarja e r\u00ebnd\u00eb n\u00eb Mirdit\u00eb, ku nj\u00eb 15-vje\u00e7are u abuzua seksualisht nga disa persona, duket se po merr p\u00ebrmasa edhe m\u00eb t\u00eb r\u00ebnda. Xhaxhai i vajz\u00ebs ka th\u00ebn\u00eb sot n\u00eb nj\u00eb d\u00ebshmi p\u00ebr emisionin \u2018Me zem\u00ebr t\u00eb hapur\u2019 se ka dyshime q\u00eb rrethi i personave q\u00eb kan\u00eb abuzuar me t\u00eb mitur\u00ebn t\u00eb ket\u00eb qen\u00eb edhe [&hellip;]<\/p>\n","protected":false},"author":2030,"featured_media":184352,"comment_status":"closed","ping_status":"closed","sticky":false,"template":"","format":"standard","meta":{"footnotes":""},"categories":[241],"tags":[],"class_list":{"0":"post-184351","1":"post","2":"type-post","3":"status-publish","4":"format-standard","5":"has-post-thumbnail","7":"category-aktualitet"},"_links":{"self":[{"href":"https:\/\/zjarr.tv\/en\/wp-json\/wp\/v2\/posts\/184351","targetHints":{"allow":["GET"]}}],"collection":[{"href":"https:\/\/zjarr.tv\/en\/wp-json\/wp\/v2\/posts"}],"about":[{"href":"https:\/\/zjarr.tv\/en\/wp-json\/wp\/v2\/types\/post"}],"author":[{"embeddable":true,"href":"https:\/\/zjarr.tv\/en\/wp-json\/wp\/v2\/users\/2030"}],"replies":[{"embeddable":true,"href":"https:\/\/zjarr.tv\/en\/wp-json\/wp\/v2\/comments?post=184351"}],"version-history":[{"count":0,"href":"https:\/\/zjarr.tv\/en\/wp-json\/wp\/v2\/posts\/184351\/revisions"}],"wp:featuredmedia":[{"embeddable":true,"href":"https:\/\/zjarr.tv\/en\/wp-json\/wp\/v2\/media\/184352"}],"wp:attachment":[{"href":"https:\/\/zjarr.tv\/en\/wp-json\/wp\/v2\/media?parent=184351"}],"wp:term":[{"taxonomy":"category","embeddable":true,"href":"https:\/\/zjarr.tv\/en\/wp-json\/wp\/v2\/categories?post=184351"},{"taxonomy":"post_tag","embeddable":true,"href":"https:\/\/zjarr.tv\/en\/wp-json\/wp\/v2\/tags?post=184351"}],"curies":[{"name":"wp","href":"https:\/\/api.w.org\/{rel}","templated":true}]}}