{"id":184355,"date":"2021-05-24T17:44:40","date_gmt":"2021-05-24T15:44:40","guid":{"rendered":"https:\/\/zjarr.tv\/?p=184355"},"modified":"2021-05-24T17:44:40","modified_gmt":"2021-05-24T15:44:40","slug":"yuri-kim-kunder-dhunes-ndaj-komunitetit-te-lgbt-kane-te-drejte-te-ushtrojne-lirite-dhe-te-drejtat-njerezore","status":"publish","type":"post","link":"https:\/\/zjarr.tv\/en\/yuri-kim-kunder-dhunes-ndaj-komunitetit-te-lgbt-kane-te-drejte-te-ushtrojne-lirite-dhe-te-drejtat-njerezore\/","title":{"rendered":"Yuri Kim kund\u00ebr dhun\u00ebs ndaj komunitetit t\u00eb LGBT: Kan\u00eb t\u00eb drejt\u00eb t\u00eb ushtrojn\u00eb lirit\u00eb dhe t\u00eb drejtat njer\u00ebzore"},"content":{"rendered":"<p style=\"background: white; margin: 0in 0in 19.5pt 0in;\">Ambasadorja amerikane n\u00eb Tiran\u00eb, Yuri Kim ka marr\u00eb pjes\u00eb sot n\u00eb aktivitetin \u201cShqip\u00ebri e Barabart\u00eb\u201d, nj\u00eb fushat\u00eb kund\u00ebr diskriminimit dhe gjuh\u00ebs s\u00eb urrejtjes s\u00eb papranueshme.<\/p>\n<p style=\"background: white; -webkit-tap-highlight-color: transparent !important; box-sizing: border-box; overflow-wrap: break-word; font-variant-ligatures: normal; font-variant-caps: normal; orphans: 2; widows: 2; -webkit-text-stroke-width: 0px; text-decoration-thickness: initial; text-decoration-style: initial; text-decoration-color: initial; word-spacing: 0px; margin: 0in 0in 19.5pt 0in;\">Zyrtarja e lart\u00eb e SHBA \u00ebsht\u00eb shprehur kund\u00ebr diskriminimit dhe dhun\u00ebs ndaj personave s\u00eb LGBTQI dhe komuniteteve t\u00eb tjera t\u00eb pakicave dhe t\u00eb atyre margjinalizuara, ku ka k\u00ebrkuar veprim bashk\u00ebpunues nga t\u00eb gjith\u00eb.<\/p>\n<p style=\"background: white; -webkit-tap-highlight-color: transparent !important; box-sizing: border-box; overflow-wrap: break-word; font-variant-ligatures: normal; font-variant-caps: normal; orphans: 2; widows: 2; -webkit-text-stroke-width: 0px; text-decoration-thickness: initial; text-decoration-style: initial; text-decoration-color: initial; word-spacing: 0px; margin: 0in 0in 19.5pt 0in;\">Sipas Kim personat e komunitetit t\u00eb LGBTQI jan\u00eb t\u00eb lir\u00eb t\u00eb ushtrojn\u00eb t\u00eb drejtat e tyre njer\u00ebzore, p\u00ebrfshir\u00eb lirin\u00eb e shprehjes, lirin\u00eb e fes\u00eb, lirin\u00eb e tubimit dhe shoq\u00ebrizimit, pa frik\u00ebn e nd\u00ebshkimit.<\/p>\n<p style=\"background: white; -webkit-tap-highlight-color: transparent !important; box-sizing: border-box; overflow-wrap: break-word; font-variant-ligatures: normal; font-variant-caps: normal; orphans: 2; widows: 2; -webkit-text-stroke-width: 0px; text-decoration-thickness: initial; text-decoration-style: initial; text-decoration-color: initial; word-spacing: 0px; margin: 0in 0in 19.5pt 0in;\"><strong style=\"-webkit-tap-highlight-color: transparent !important; box-sizing: border-box;\">Fjala e plot\u00eb e Yuri Kim:<\/strong><\/p>\n<p style=\"background: white; -webkit-tap-highlight-color: transparent !important; box-sizing: border-box; overflow-wrap: break-word; font-variant-ligatures: normal; font-variant-caps: normal; orphans: 2; widows: 2; -webkit-text-stroke-width: 0px; text-decoration-thickness: initial; text-decoration-style: initial; text-decoration-color: initial; word-spacing: 0px; margin: 0in 0in 19.5pt 0in;\">Jam shum\u00eb e k\u00ebnaqur q\u00eb jam k\u00ebtu me ju k\u00ebt\u00eb pasdite dhe mund\u00ebsin\u00eb p\u00ebr t\u00eb p\u00ebrkujtuar 16 vjetorin e Dit\u00ebs Nd\u00ebrkomb\u00ebtare Kund\u00ebr Homofobis\u00eb, Transfobis\u00eb dhe Bifobis\u00eb, q\u00eb ishte vet\u00ebm nj\u00eb jav\u00eb m\u00eb par\u00eb. Gjat\u00eb jav\u00ebs s\u00eb kaluar, p\u00ebrmes aktiviteteve t\u00eb ndryshme k\u00ebtu n\u00eb Shqip\u00ebri, kemi patur mund\u00ebsin\u00eb t\u00eb reflektojm\u00eb mbi p\u00ebrparimin e pabesuesh\u00ebm q\u00eb kemi b\u00ebr\u00eb n\u00eb luft\u00ebn p\u00ebr t\u00eb \u00e7uar p\u00ebrpara t\u00eb drejtat e njeriut dhe lirit\u00eb themelore t\u00eb personave LGBTQI +, si n\u00eb Shtetet e Bashkuara ashtu edhe globalisht. Mbrojtja e t\u00eb drejtave universale t\u00eb njeriut \u00ebsht\u00eb n\u00eb zem\u00ebr t\u00eb diplomacis\u00eb s\u00eb SHBA. Ne mbetemi t\u00eb p\u00ebrkushtuar p\u00ebr t\u00eb \u00e7uar p\u00ebrpara t\u00eb drejtat e njeriut p\u00ebr t\u00eb gjith\u00eb, p\u00ebrfshir\u00eb individ\u00ebt LGBTI +.<\/p>\n<p style=\"background: white; -webkit-tap-highlight-color: transparent !important; box-sizing: border-box; overflow-wrap: break-word; font-variant-ligatures: normal; font-variant-caps: normal; orphans: 2; widows: 2; -webkit-text-stroke-width: 0px; text-decoration-thickness: initial; text-decoration-style: initial; text-decoration-color: initial; word-spacing: 0px; margin: 0in 0in 19.5pt 0in;\">Por, kemi ende nj\u00eb rrug\u00eb t\u00eb gjat\u00eb p\u00ebr t\u00eb b\u00ebr\u00eb. N\u00eb t\u00eb gjith\u00eb bot\u00ebn, njer\u00ebzit vazhdojn\u00eb t\u00eb vriten, t\u00eb arrestohen dhe t\u00eb ngacmohen thjesht p\u00ebr shkak t\u00eb asaj q\u00eb jan\u00eb ose k\u00eb duan. Shtetet e Bashkuara e d\u00ebnojn\u00eb k\u00ebt\u00eb dhun\u00eb dhe ngacmim. Personat LGBTQI + duhet t\u00eb jen\u00eb t\u00eb lir\u00eb t\u00eb ushtrojn\u00eb t\u00eb drejtat e tyre njer\u00ebzore, p\u00ebrfshir\u00eb lirin\u00eb e shprehjes, lirin\u00eb e fes\u00eb dhe lirin\u00eb e tubimit dhe shoq\u00ebrizimit, pa frik\u00ebn e nd\u00ebshkimit. Ne besojm\u00eb fuqimisht se t\u00eb drejtat e njeriut dhe lirit\u00eb themelore u p\u00ebrkasin t\u00eb gjith\u00eb individ\u00ebve, pavar\u00ebsisht nga orientimi i tyre seksual ose identiteti gjinor. Presidenti Biden ka nxjerr\u00eb nj\u00eb Memorandum q\u00eb udh\u00ebzon t\u00eb gjitha agjensit\u00eb federale amerikane, t\u00eb cilat punojn\u00eb jasht\u00eb vendit, q\u00eb t\u00eb \u201csigurojn\u00eb q\u00eb p\u00ebrpjekjet diplomatike t\u00eb SH.B.A.-s\u00eb dhe ndihma e huaj t\u00eb promovojn\u00eb dhe t\u00eb mbrojn\u00eb t\u00eb drejtat e njeriut t\u00eb personave LGBTQI +.\u201d<\/p>\n<p style=\"background: white; -webkit-tap-highlight-color: transparent !important; box-sizing: border-box; overflow-wrap: break-word; font-variant-ligatures: normal; font-variant-caps: normal; orphans: 2; widows: 2; -webkit-text-stroke-width: 0px; text-decoration-thickness: initial; text-decoration-style: initial; text-decoration-color: initial; word-spacing: 0px; margin: 0in 0in 19.5pt 0in;\">Shtetet e Bashkuara jan\u00eb t\u00eb lumtura t\u00eb mb\u00ebshtesin p\u00ebrpjekjet e Shqip\u00ebris\u00eb n\u00eb k\u00ebt\u00eb drejtim dhe t\u00eb nxisin qeverin\u00eb e shoq\u00ebrin\u00eb civile t\u00eb punojn\u00eb s\u00eb bashku p\u00ebr t\u00eb \u00e7uar p\u00ebrpara barazin\u00eb p\u00ebr t\u00eb gjith\u00eb njer\u00ebzit. Jam e inkurajuar nga niveli i aktivizmit q\u00eb shoh aktualisht. E di q\u00eb ka shum\u00eb organizata dhe aktivist\u00eb, t\u00eb cil\u00ebt punojn\u00eb aktualisht p\u00ebr t\u00eb nd\u00ebrtuar nj\u00eb ndjenj\u00eb t\u00eb komunitetit dhe p\u00ebr t\u00eb ngritur dukshm\u00ebrin\u00eb e \u00e7\u00ebshtjeve LGBTQI +. P\u00ebrpjekjet e tyre mund t\u00eb sjellin nj\u00eb ndryshim n\u00eb jet\u00ebn e njer\u00ebzve, duke siguruar mb\u00ebshtetje dhe dijen q\u00eb an\u00ebtar\u00ebt e k\u00ebtij komuniteti nuk jan\u00eb vet\u00ebm.<\/p>\n<p style=\"background: white; -webkit-tap-highlight-color: transparent !important; box-sizing: border-box; overflow-wrap: break-word; font-variant-ligatures: normal; font-variant-caps: normal; orphans: 2; widows: 2; -webkit-text-stroke-width: 0px; text-decoration-thickness: initial; text-decoration-style: initial; text-decoration-color: initial; word-spacing: 0px; margin: 0in 0in 19.5pt 0in;\">Jam e k\u00ebnaqur q\u00eb jam k\u00ebtu sot p\u00ebr t\u00eb filluar nj\u00eb nism\u00eb t\u00eb madhe t\u00eb shoq\u00ebris\u00eb civile p\u00ebr t\u00eb ndihmuar n\u00eb parandalimin dhe n\u00eb luft\u00ebn kund\u00ebr gjuh\u00ebs s\u00eb urrejtjes dhe diskriminimit. Jam krenare p\u00ebr mb\u00ebshtetjen e Ambasad\u00ebs Amerikane p\u00ebr k\u00ebt\u00eb program. Dua t\u00eb fal\u00ebnderoj zbatuesit e projektit, \u201cOpen Mind Spectrum Albania\u201d dhe \u201cBeyond Barrier\u201d, p\u00ebr angazhimin e tyre n\u00eb mbrojtjen e t\u00eb drejtave t\u00eb pakicave, grave dhe t\u00eb rinjve. P\u00ebr t\u2019i dh\u00ebn\u00eb fund urrejtjes, diskriminimit dhe dhun\u00ebs ndaj njer\u00ebzve LGBTQI + dhe komuniteteve t\u00eb tjera t\u00eb pakicave dhe t\u00eb atyre margjinalizuara, k\u00ebrkohet veprim bashk\u00ebpunues nga ne t\u00eb gjith\u00eb.<\/p>\n<p style=\"background: white; -webkit-tap-highlight-color: transparent !important; box-sizing: border-box; overflow-wrap: break-word; font-variant-ligatures: normal; font-variant-caps: normal; orphans: 2; widows: 2; -webkit-text-stroke-width: 0px; text-decoration-thickness: initial; text-decoration-style: initial; text-decoration-color: initial; word-spacing: 0px; margin: 0in 0in 19.5pt 0in;\">Duke punuar s\u00eb bashku, mund t\u00eb krijojm\u00eb nj\u00eb bot\u00eb q\u00eb respekton dhe feston dinjitetin e t\u00eb gjith\u00eb individ\u00ebve. Pik\u00ebrisht me an\u00eb t\u00eb k\u00ebtij partneriteti, do t\u00eb arrijm\u00eb q\u00ebllimin ton\u00eb p\u00ebr nj\u00eb shoq\u00ebri gjith\u00ebp\u00ebrfshir\u00ebse q\u00eb respekton t\u00eb drejtat, ku askush nuk jeton me frik\u00eb p\u00ebr shkak t\u00eb asaj q\u00eb \u00ebsht\u00eb ose q\u00eb do. Deklarata Universale e t\u00eb Drejtave t\u00eb Njeriut thot\u00eb se t\u00eb gjith\u00eb kan\u00eb t\u00eb drejt\u00eb t\u00eb ken\u00eb t\u00eb drejta dhe lirit\u00eb themelore t\u00eb njeriut. \u00cbsht\u00eb p\u00ebrgjegj\u00ebsia jon\u00eb kolektive t\u00eb sigurojm\u00eb q\u00eb k\u00ebto t\u00eb drejta t\u00eb g\u00ebzohen nga t\u00eb gjith\u00eb.<\/p>","protected":false},"excerpt":{"rendered":"<p>Ambasadorja amerikane n\u00eb Tiran\u00eb, Yuri Kim ka marr\u00eb pjes\u00eb sot n\u00eb aktivitetin \u201cShqip\u00ebri e Barabart\u00eb\u201d, nj\u00eb fushat\u00eb kund\u00ebr diskriminimit dhe gjuh\u00ebs s\u00eb urrejtjes s\u00eb papranueshme. Zyrtarja e lart\u00eb e SHBA \u00ebsht\u00eb shprehur kund\u00ebr diskriminimit dhe dhun\u00ebs ndaj personave s\u00eb LGBTQI dhe komuniteteve t\u00eb tjera t\u00eb pakicave dhe t\u00eb atyre margjinalizuara, ku ka k\u00ebrkuar veprim bashk\u00ebpunues [&hellip;]<\/p>\n","protected":false},"author":2030,"featured_media":184359,"comment_status":"closed","ping_status":"closed","sticky":false,"template":"","format":"standard","meta":{"footnotes":""},"categories":[241,364],"tags":[],"class_list":{"0":"post-184355","1":"post","2":"type-post","3":"status-publish","4":"format-standard","5":"has-post-thumbnail","7":"category-aktualitet","8":"category-koment-opinion"},"_links":{"self":[{"href":"https:\/\/zjarr.tv\/en\/wp-json\/wp\/v2\/posts\/184355","targetHints":{"allow":["GET"]}}],"collection":[{"href":"https:\/\/zjarr.tv\/en\/wp-json\/wp\/v2\/posts"}],"about":[{"href":"https:\/\/zjarr.tv\/en\/wp-json\/wp\/v2\/types\/post"}],"author":[{"embeddable":true,"href":"https:\/\/zjarr.tv\/en\/wp-json\/wp\/v2\/users\/2030"}],"replies":[{"embeddable":true,"href":"https:\/\/zjarr.tv\/en\/wp-json\/wp\/v2\/comments?post=184355"}],"version-history":[{"count":0,"href":"https:\/\/zjarr.tv\/en\/wp-json\/wp\/v2\/posts\/184355\/revisions"}],"wp:featuredmedia":[{"embeddable":true,"href":"https:\/\/zjarr.tv\/en\/wp-json\/wp\/v2\/media\/184359"}],"wp:attachment":[{"href":"https:\/\/zjarr.tv\/en\/wp-json\/wp\/v2\/media?parent=184355"}],"wp:term":[{"taxonomy":"category","embeddable":true,"href":"https:\/\/zjarr.tv\/en\/wp-json\/wp\/v2\/categories?post=184355"},{"taxonomy":"post_tag","embeddable":true,"href":"https:\/\/zjarr.tv\/en\/wp-json\/wp\/v2\/tags?post=184355"}],"curies":[{"name":"wp","href":"https:\/\/api.w.org\/{rel}","templated":true}]}}