{"id":184366,"date":"2021-05-24T17:52:36","date_gmt":"2021-05-24T15:52:36","guid":{"rendered":"https:\/\/zjarr.tv\/?p=184366"},"modified":"2021-05-24T17:52:36","modified_gmt":"2021-05-24T15:52:36","slug":"balluku-inspekton-investimin-ne-nenstacionin-elektrik-te-hoxhares-eliminon-permbytjet-dhe-i-pergjigjet-zhvillimit-ekonomik-te-zones","status":"publish","type":"post","link":"https:\/\/zjarr.tv\/en\/balluku-inspekton-investimin-ne-nenstacionin-elektrik-te-hoxhares-eliminon-permbytjet-dhe-i-pergjigjet-zhvillimit-ekonomik-te-zones\/","title":{"rendered":"Balluku inspekton investimin n\u00eb n\u00ebnstacionin elektrik t\u00eb Hoxhar\u00ebs: Eliminon p\u00ebrmbytjet dhe i p\u00ebrgjigjet zhvillimit ekonomik t\u00eb zones"},"content":{"rendered":"<p>Nj\u00eb investim i r\u00ebnd\u00ebsish\u00ebm prej rreth 1.6 milion\u00eb eurosh \u00ebsht\u00eb kryer n\u00eb N\u00ebnstacionin elektrik t\u00eb Hoxhar\u00ebs n\u00eb rrethin e Fierit si dhe p\u00ebr rikonstruksionin dhe fuqizimin e segmentit t\u00eb linj\u00ebs 35kV TEC Fier \u2013 Hoxhar\u00eb. P\u00ebrmes k\u00ebsaj nd\u00ebrhyrjeje \u00ebsht\u00eb b\u00ebr\u00eb i mundur rikonstruksioni i n\u00ebnstacionit, si nga ana nd\u00ebrtimore ashtu edhe ajo elektrike duke pothuajse dyfishuar kapacitetet e tij.<\/p>\n<p>Gjat\u00eb nj\u00eb inspektimi t\u00eb kryer n\u00eb k\u00ebt\u00eb n\u00ebnstacion Ministrja e Infrastruktur\u00ebs dhe Energjis\u00eb, Belinda Balluku theksoi r\u00ebnd\u00ebsin\u00eb q\u00eb kan\u00eb k\u00ebto investime t\u00eb kryera nga OSHEE, si p\u00ebr plot\u00ebsimin e nevojave t\u00eb banor\u00ebve, ashtu edhe p\u00ebr zhvillimin e ekonomik t\u00eb zon\u00ebs<\/p>\n<p>\u201cN\u00ebnstacioni i Hoxhar\u00ebs \u00ebsht\u00eb nj\u00eb nga n\u00ebnstacionet m\u00eb t\u00eb r\u00ebnd\u00ebsishme q\u00eb ne kemi. N\u00eb 2018 k\u00ebtu kemi pasur nj\u00eb p\u00ebrmbytje t\u00eb madhe, p\u00ebr shkak t\u00eb problematikave q\u00eb ka pasur hidrovori.<\/p>\n<p>Ky \u00ebsht\u00eb hidrovori, i cili shkarkon t\u00eb gjith\u00eb prurjet e Vjos\u00ebs, pra hidrovori i Fier-Vlor\u00ebs e quajm\u00eb ne ndryshe, i cili p\u00ebr shkak t\u00eb k\u00ebtij suporti teknologjik, q\u00eb do t\u00eb ket\u00eb me n\u00ebnstacionin e ri, nuk do t\u00eb ket\u00eb m\u00eb asnj\u00eb problem. Gjithashtu ky investim \u00ebsht\u00eb shum\u00eb i r\u00ebnd\u00ebsish\u00ebm p\u00ebr ne si Ministri e Infrastruktur\u00ebs dhe Energjis\u00eb, pasi akomodon dhe do t\u00eb akomodoj\u00eb t\u00eb gjitha investimet q\u00eb vijn\u00eb n\u00eb fush\u00ebn e energjis\u00eb s\u00eb rinovueshme n\u00eb k\u00ebt\u00eb zon\u00eb\u201d, tha ministrja Balluku.<\/p>\n<p>Investimet e realizuara dhe ato t\u00eb cilat do t\u00eb nisin s\u00eb shpejt, shtoi ministrja e Infrastruktur\u00ebs dhe Energjis\u00eb, jan\u00eb t\u00eb mir\u00eb studiuara pasi mbulojn\u00eb jo vet\u00ebm nevojat aktuale n\u00eb zonat ku ato realizohen, por nj\u00ebkoh\u00ebsisht i p\u00ebrgjigjen edhe zhvillimit t\u00eb tyre n\u00eb t\u00eb ardhmen.<\/p>\n<p>\u201cPrej vitesh n\u00eb OSHEE dhe sidomos k\u00ebto 3 vitet e fundit, kemi b\u00ebr\u00eb investime me studime t\u00eb mir\u00ebfillta, studime t\u00eb thella t\u00eb cilat zgjidhin problematikat q\u00eb ne kemi p\u00ebr momentin, por nga ana tjet\u00ebr edhe adresojn\u00eb nevojat q\u00eb do t\u00eb kemi n\u00eb t\u00eb ardhmen.<\/p>\n<p>\u00c7do investim q\u00eb ne b\u00ebjm\u00eb n\u00eb k\u00eb sektor, jan\u00eb investime t\u00eb cilat jo vet\u00ebm kontribuojn\u00eb n\u00eb k\u00ebto momente p\u00ebr ekonomin\u00eb, p\u00ebr biznesin, p\u00ebr bujq\u00ebsin\u00eb, p\u00ebr qytetar\u00ebt por edhe n\u00eb dekadat e ardhshme. T\u00eb gjitha investimet jan\u00eb b\u00ebr\u00eb n\u00eb m\u00ebnyr\u00eb t\u00eb till\u00eb q\u00eb t\u00eb akomodojn\u00eb nevojat e biznesit, nevojat e zhvillimit ekonomike, nevojat e zhvillimeve t\u00eb parqeve fotovoltaike apo edhe zhvillimeve t\u00eb tjera minimalisht p\u00ebr nj\u00eb dekad\u00eb t\u00eb ardhshme\u201d, theksoi Balluku.<\/p>\n<p>Gerti Bilero, Drejtor i Tensionit t\u00eb Lart\u00eb, Nj\u00ebsia Jugper\u00ebndim, OSSH b\u00ebri t\u00eb ditur se n\u00eb qarkun e Fierit aktualisht po investohet n\u00eb n\u00ebnstacionin e Divjak\u00ebs nd\u00ebrsa jan\u00eb planifikuar nd\u00ebrhyrje edhe n\u00eb n\u00ebnstacionet e tjera q\u00eb jan\u00eb pjes\u00eb e k\u00ebtij qarku.<\/p>","protected":false},"excerpt":{"rendered":"<p>Nj\u00eb investim i r\u00ebnd\u00ebsish\u00ebm prej rreth 1.6 milion\u00eb eurosh \u00ebsht\u00eb kryer n\u00eb N\u00ebnstacionin elektrik t\u00eb Hoxhar\u00ebs n\u00eb rrethin e Fierit si dhe p\u00ebr rikonstruksionin dhe fuqizimin e segmentit t\u00eb linj\u00ebs 35kV TEC Fier \u2013 Hoxhar\u00eb. P\u00ebrmes k\u00ebsaj nd\u00ebrhyrjeje \u00ebsht\u00eb b\u00ebr\u00eb i mundur rikonstruksioni i n\u00ebnstacionit, si nga ana nd\u00ebrtimore ashtu edhe ajo elektrike duke pothuajse [&hellip;]<\/p>\n","protected":false},"author":2031,"featured_media":184367,"comment_status":"closed","ping_status":"closed","sticky":false,"template":"","format":"standard","meta":{"footnotes":""},"categories":[231],"tags":[2193,312,458],"class_list":{"0":"post-184366","1":"post","2":"type-post","3":"status-publish","4":"format-standard","5":"has-post-thumbnail","7":"category-lajme","8":"tag-balluku","9":"tag-lajme","10":"tag-zjarrtv"},"_links":{"self":[{"href":"https:\/\/zjarr.tv\/en\/wp-json\/wp\/v2\/posts\/184366","targetHints":{"allow":["GET"]}}],"collection":[{"href":"https:\/\/zjarr.tv\/en\/wp-json\/wp\/v2\/posts"}],"about":[{"href":"https:\/\/zjarr.tv\/en\/wp-json\/wp\/v2\/types\/post"}],"author":[{"embeddable":true,"href":"https:\/\/zjarr.tv\/en\/wp-json\/wp\/v2\/users\/2031"}],"replies":[{"embeddable":true,"href":"https:\/\/zjarr.tv\/en\/wp-json\/wp\/v2\/comments?post=184366"}],"version-history":[{"count":0,"href":"https:\/\/zjarr.tv\/en\/wp-json\/wp\/v2\/posts\/184366\/revisions"}],"wp:featuredmedia":[{"embeddable":true,"href":"https:\/\/zjarr.tv\/en\/wp-json\/wp\/v2\/media\/184367"}],"wp:attachment":[{"href":"https:\/\/zjarr.tv\/en\/wp-json\/wp\/v2\/media?parent=184366"}],"wp:term":[{"taxonomy":"category","embeddable":true,"href":"https:\/\/zjarr.tv\/en\/wp-json\/wp\/v2\/categories?post=184366"},{"taxonomy":"post_tag","embeddable":true,"href":"https:\/\/zjarr.tv\/en\/wp-json\/wp\/v2\/tags?post=184366"}],"curies":[{"name":"wp","href":"https:\/\/api.w.org\/{rel}","templated":true}]}}