{"id":184736,"date":"2021-05-26T10:33:51","date_gmt":"2021-05-26T08:33:51","guid":{"rendered":"https:\/\/zjarr.tv\/?p=184736"},"modified":"2021-05-26T10:33:51","modified_gmt":"2021-05-26T08:33:51","slug":"presidenti-meta-gjykates-se-shkalles-se-pare-e-pershendes-aktivizimin-e-shoqerise-civile-ne-kete-rast-per-mbrojtjen-e-shendetit-te-qytetareve-nga-papergjegjshmeria-dhe-keqfunksionimi-i-ndermarrjes-se","status":"publish","type":"post","link":"https:\/\/zjarr.tv\/en\/presidenti-meta-gjykates-se-shkalles-se-pare-e-pershendes-aktivizimin-e-shoqerise-civile-ne-kete-rast-per-mbrojtjen-e-shendetit-te-qytetareve-nga-papergjegjshmeria-dhe-keqfunksionimi-i-ndermarrjes-se\/","title":{"rendered":"Presidenti Meta Gjykat\u00ebs s\u00eb Shkall\u00ebs s\u00eb Par\u00eb: E p\u00ebrsh\u00ebndes aktivizimin e shoq\u00ebris\u00eb civile n\u00eb k\u00ebt\u00eb rast p\u00ebr mbrojtjen e sh\u00ebndetit t\u00eb qytetar\u00ebve nga pap\u00ebrgjegjshm\u00ebria dhe keqfunksionimi i Nd\u00ebrmarrjes s\u00eb Uj\u00ebsjell\u00ebsit t\u00eb Tiran\u00ebs\u2026"},"content":{"rendered":"<p>Presidenti i vendit Ilir Meta, me an\u00eb t\u00eb nj\u00eb postimi n\u00eb Facebook, ka p\u00ebrsh\u00ebndetur aktivizimin e shoq\u00ebris\u00eb civile, q\u00eb mbrojn\u00eb sh\u00ebndetin e qytetar\u00ebve, nga pap\u00ebrgjegjshm\u00ebria dhe keqfunksionimi i Nd\u00ebrmarrjes s\u00eb Uj\u00ebsjell\u00ebsit t\u00eb Tiran\u00ebs, ku tashm\u00eb pritet arsyetimi i vendimit t\u00eb Gjykat\u00ebs s\u00eb Shkall\u00ebs s\u00eb Par\u00eb, \u00e7\u00ebshtja duhet t\u00eb ndiqet edhe n\u00eb instancat m\u00eb t\u00eb larta shtet\u00ebrore, nd\u00ebrkoh\u00eb t\u00eb dh\u00ebnat e b\u00ebra publike, duhet t\u00eb v\u00ebn\u00eb n\u00eb l\u00ebvizje Prokurorin\u00eb p\u00ebr t\u00eb hetuar deri ku arrin shkalla e p\u00ebrgjegj\u00ebsis\u00eb dhe e shkeljes s\u00eb ligjit.<\/p>\n<p>Postimi:<\/p>\n<p>Qytetar\u00ebt e Tiran\u00ebs meritojn\u00eb mbrojtje t\u00eb garantuar t\u00eb sh\u00ebndetit p\u00ebrmes sh\u00ebrbimeve shtet\u00ebrore, q\u00eb mbahen dhe paguhen me taksat e tyre. E p\u00ebrsh\u00ebndes aktivizimin e shoq\u00ebris\u00eb civile n\u00eb k\u00ebt\u00eb rast p\u00ebr mbrojtjen e sh\u00ebndetit t\u00eb qytetar\u00ebve nga pap\u00ebrgjegjshm\u00ebria dhe keqfunksionimi i Nd\u00ebrmarrjes s\u00eb Uj\u00ebsjell\u00ebsit t\u00eb Tiran\u00ebs, n\u00eb var\u00ebsi t\u00eb Bashkis\u00eb, q\u00eb si\u00e7 faktohet nga t\u00eb dh\u00ebnat e b\u00ebra publike, ka rrezikuar jet\u00ebn e tyre duke i furnizuar me uj\u00eb t\u00eb pap\u00ebrdorsh\u00ebm sipas parametrave. Tashm\u00eb, q\u00eb pritet arsyetimi i vendimit t\u00eb Gjykat\u00ebs s\u00eb Shkall\u00ebs s\u00eb Par\u00eb, \u00e7\u00ebshtja duhet t\u00eb ndiqet edhe n\u00eb instancat m\u00eb t\u00eb larta shtet\u00ebrore, nd\u00ebrkoh\u00eb t\u00eb dh\u00ebnat e b\u00ebra publike, duhet t\u00eb v\u00ebn\u00eb n\u00eb l\u00ebvizje Prokurorin\u00eb p\u00ebr t\u00eb hetuar deri ku arrin shkalla e p\u00ebrgjegj\u00ebsis\u00eb dhe e shkeljes s\u00eb ligjit, p\u00ebr t\u00eb nxjerr\u00eb para drejt\u00ebsis\u00eb k\u00ebdo, q\u00eb ka vendosur n\u00eb rrezik masiv sh\u00ebndetin e banor\u00ebve t\u00eb kryeqytetit. Mbrojtja e sh\u00ebndetit dhe e jet\u00ebs s\u00eb qytetar\u00ebve t\u00eb Tiran\u00ebs dhe t\u00eb gjith\u00eb Shqip\u00ebris\u00eb, ve\u00e7an\u00ebrisht n\u00eb k\u00ebt\u00eb periudh\u00eb pandemie, duhet t\u00eb jet\u00eb prioritet absolut.<\/p>\n<p><strong>Me nj\u00eb vendim t\u00eb paprecedent\u00eb, Gjykata ka ngarkuar shoq\u00ebrin\u00eb civile t\u00eb \u2018mbik\u00ebqyr\u00eb\u2019 shoq\u00ebrin\u00eb shtet\u00ebrore Uj\u00ebsjell\u00ebs Kanalizime Tiran\u00eb sh.a, n\u00eb masat q\u00eb do t\u00eb nd\u00ebrmarr\u00eb n\u00eb p\u00ebrmir\u00ebsimin e cil\u00ebsis\u00eb s\u00eb ujit. <\/strong><\/p>\n<p><strong>TIRAN\u00cb<\/strong>\u2013 Gjykata Administrative e Tiran\u00ebs, ka pranuar dit\u00ebn e djeshme, se<strong>\u00a0cil\u00ebsia e ujit<\/strong>\u00a0q\u00eb furnizohet Kryeqytetit,<strong>\u00a0\u00ebsht\u00eb jasht\u00eb parametrave<\/strong>\u00a0q\u00eb garantojn\u00eb cil\u00ebsin\u00eb e\u00a0<strong>konsumimit<\/strong>. Me nj\u00eb vendim t\u00eb paprecedent\u00eb<strong>, Gjykata ka ngarkuar shoq\u00ebrin\u00eb civile<\/strong> t\u00eb \u2018mbik\u00ebqyr\u00eb\u2019 shoq\u00ebrin\u00eb shtet\u00ebrore Uj\u00ebsjell\u00ebs Kanalizime Tiran\u00eb sh.a, n\u00eb masat q\u00eb do t\u00eb nd\u00ebrmarr\u00eb n\u00eb p\u00ebrmir\u00ebsimin e cil\u00ebsis\u00eb s\u00eb ujit.\u00a0<strong>N\u00eb vitin 2017-t\u00eb,<\/strong>\u00a0\u2018Qendra Res Publika\u2019 dhe shoqata \u2018Impetus<strong>\u2019 iu drejtuan Gjykat\u00ebs<\/strong>\u00a0s\u00eb Tiran\u00ebs, p\u00ebr t\u00eb detyrua n<strong>d\u00ebrmarrjen e Uj\u00ebsjell\u00ebs Kanalizime<\/strong>\u00a0t\u00eb nd\u00ebrmarr\u00eb masave q\u00eb garantojn\u00eb cil\u00ebsin\u00eb e ujit t\u00eb pijsh\u00ebm, n\u00eb qytetin e Tiran\u00ebs.\u00a0Sipas, akt-padis\u00eb, n\u00eb zona t\u00eb ndryshme t\u00eb Tiran\u00ebs,\u00a0<strong>niveli i escherichia coli (bakter i d\u00ebmsh\u00ebm p\u00ebr sh\u00ebndetin) \u00ebsht\u00eb m\u00eb shum\u00eb se norma e lejuar sipas rregullores p\u00ebr ujin e pijsh\u00ebm. <\/strong>E nj\u00ebjta gj\u00eb ndodh dhe me nivelin e\u00a0<strong>streptococci faecal, bakter i d\u00ebmsh\u00ebm p\u00ebr sh\u00ebndetin,<\/strong>\u00a0nd\u00ebrsa niveli i\u00a0<strong>Klorit<\/strong> (kimikat) rezulton shpesh her\u00eb t\u00eb jet\u00eb mbi 0.5 (norma maksimale e lejuar nga VKM nr. 379, dt. 25.05.2016. \u2018<em>Ka rezultuar se analizat mikrobiologjik\u00eb apo kimik\u00eb q\u00eb garantojn\u00eb cil\u00ebsis\u00eb s\u00eb ujit t\u00eb pijsh\u00ebm. jan\u00eb b\u00ebr\u00eb nga nj\u00eb laborator i pa akredituar, duke mos dh\u00ebn\u00eb asnj\u00eb garanci p\u00ebr asnj\u00eb paramet\u00ebr\u2019<\/em>-thuhet n\u00eb akt-padi. Pas kat\u00ebr vjet\u00ebsh betej\u00eb ligjore, Qendra Res Publika<strong>\u00a0ia ka dal\u00eb t\u00eb siguroj\u00eb nga gjykata<\/strong>\u00a0nj\u00eb vendim t\u00eb paprecedent\u00eb, i cili do t\u00eb ndikoj\u00eb n\u00eb p\u00ebrmir\u00ebsimin e cil\u00ebsis\u00eb s\u00eb ujit n\u00eb kryeqytet.\u00a0<strong>Gjykata urdh\u00ebroi Uj\u00ebsjell\u00ebs Kanalizime Tiran\u00eb sh.a. t\u00eb monitoroj\u00eb dhe t\u00eb analizoj\u00eb<\/strong>\u00a0t\u00eb gjitha parametrat e ujit t\u00eb pijsh\u00ebm n\u00eb Tiran\u00eb. Sipas vendimit, nd\u00ebrmarrja e Uj\u00ebsjell\u00ebs- Kanalizime \u00ebsht\u00eb e detyruar q\u00eb k\u00ebto\u00a0<strong>rezultate t\u00eb analizave<\/strong>\u00a0t\u2019i d\u00ebrgoj\u00eb n\u00eb Institutin e Sh\u00ebndetit Publik, p\u00ebr t\u00eb p\u00ebrcaktuar masat q\u00eb duhet t\u00eb merren p\u00ebr t\u00eb p\u00ebrmir\u00ebsimin cil\u00ebsis\u00eb s\u00eb ujit.<\/p>\n<p>Po k\u00ebshtu, gjykata urdh\u00ebroi nd\u00ebrmarrjen Uj\u00ebsjell\u00ebs -Kanalizime Tiran\u00eb t\u00eb raportoj\u00eb tek \u2018Qendra Res Publika\u2019 dhe shoqata \u2018Impektus\u2019,\u00a0<strong>rezultatet periodike t\u00eb analizave<\/strong>\u00a0si dhe masat q\u00eb do t\u00eb nd\u00ebrmarr\u00eb kjo nd\u00ebrmarrje q\u00eb do t\u00eb \u00e7ojn\u00eb n\u00eb<strong> garantimin e cil\u00ebsis\u00eb s\u00eb ujit t\u00eb pijsh\u00ebm.\u00a0<\/strong>Avokati Dorial Matlija, e konsideroi vendim si nj\u00eb hap t\u00eb r\u00ebnd\u00ebsish\u00ebm q\u00eb do t\u00eb ndikoj\u00eb n\u00eb p\u00ebrmir\u00ebsimin e gjendjes s\u00eb furnizimit me uj\u00eb t\u00eb pijsh\u00ebm t\u00eb Kryeqytetit.\u00a0 Avokati Dorian Matlija, e\u00a0<strong>konsideroi vendimin si nj\u00eb hap t\u00eb r\u00ebnd\u00ebsish\u00ebm<\/strong>\u00a0q\u00eb do t\u00eb ndikoj\u00eb n\u00eb p\u00ebrmir\u00ebsimin e gjendjes s\u00eb furnizimit me uj\u00eb t\u00eb pijsh\u00ebm t\u00eb Kryeqytetit, si dhe me efekt tek p\u00ebrdoruesit e shtresave t\u00eb varfra, t\u00eb cil\u00ebt nuk kan\u00eb asnj\u00eb mund\u00ebsi tjet\u00ebr p\u00ebr t\u00eb siguruar ujin e pijsh\u00ebm p\u00ebrve\u00e7 rubinetit. P\u00ebr k\u00ebto shtresa,\u00a0<strong>OKB ka p\u00ebrcaktuar standarde t\u00eb furnizimit me uj\u00eb<\/strong>, si nj\u00eb e drejt\u00eb social ekonomike q\u00eb q\u00ebndron m\u00eb vete.<\/p>\n<p><em>\u201cTashm\u00eb kemi dhe nj\u00eb vendim gjykate e cila pranon dhe zyrtarizon se uji i pish\u00ebn nuk ka qen\u00eb n\u00eb parametrat e duhura n\u00eb Tiran\u00eb dhe me shum\u00eb gjasa nuk \u00ebsht\u00eb as sot. Ajo q\u00eb kemi fituar \u00ebsht\u00eb, si t\u00eb thuash, ne jemi b\u00ebr\u00eb mbik\u00ebqyr\u00ebs t\u00eb shoq\u00ebris\u00eb shtet\u00ebrore, Uj\u00ebsjell\u00ebs Kanalizime Tiran\u00eb, t\u00eb cil\u00ebt gjykata i urdh\u00ebron, jo vet\u00ebm b\u00ebj\u00eb t\u00eb gjitha analizat periodike t\u00eb ujit t\u00eb pijsh\u00ebm, por edhe t\u00eb na v\u00ebr\u00eb n\u00eb dijeni dhe ne si padit\u00ebs, qendr\u00ebn Res Publika dhe shoqat\u00ebn Impetus p\u00ebr rezultatet dhe hapat q\u00eb ajo do t\u00eb nd\u00ebrmarr\u00eb n\u00eb p\u00ebrmir\u00ebsimin e cil\u00ebsis\u00eb s\u00eb ujit. Kujtojm\u00eb k\u00ebtu q\u00eb kontrata tip e furnizimit me uj\u00eb detyron UKT t\u00eb nd\u00ebrpres\u00eb furnizimin me uj\u00eb n\u00ebse ai \u00ebsht\u00eb jasht\u00eb standardeve, si dhe t\u00eb b\u00ebj\u00eb publike n\u00eb koh\u00eb reale k\u00ebt\u00eb fakt p\u00ebr konsumator\u00ebt, q\u00eb ata mos t\u00eb rrezikohen. Shkurt, UKT do duhet ta marr\u00eb seriozisht k\u00ebt\u00eb problem tani e tutje sepse ndryshe do t\u00eb p\u00ebrballen me forc\u00ebn e ligjit. I b\u00ebj thirrje UKT q\u00eb t\u00eb mos rreket t\u00eb p\u00ebrdor\u00eb taktika ankimesh p\u00ebr t\u00eb vonuar q\u00eb vendimi t\u00eb marr\u00eb form\u00eb t\u00eb prer\u00eb, duke shtyr\u00eb p\u00ebr m\u00eb von\u00eb k\u00ebt\u00eb ndryshim t\u00eb r\u00ebnd\u00ebsish\u00ebm n\u00eb qasjen ndaj konsumator\u00ebve,\u201d-\u00a0<\/em>deklaroi pas vendimit t\u00eb Gjykat\u00ebs Administrative t\u00eb Shkall\u00ebs s\u00eb Par\u00eb Tiran\u00eb, avokati Dorian Matlija.<\/p>","protected":false},"excerpt":{"rendered":"<p>Presidenti i vendit Ilir Meta, me an\u00eb t\u00eb nj\u00eb postimi n\u00eb Facebook, ka p\u00ebrsh\u00ebndetur aktivizimin e shoq\u00ebris\u00eb civile, q\u00eb mbrojn\u00eb sh\u00ebndetin e qytetar\u00ebve, nga pap\u00ebrgjegjshm\u00ebria dhe keqfunksionimi i Nd\u00ebrmarrjes s\u00eb Uj\u00ebsjell\u00ebsit t\u00eb Tiran\u00ebs, ku tashm\u00eb pritet arsyetimi i vendimit t\u00eb Gjykat\u00ebs s\u00eb Shkall\u00ebs s\u00eb Par\u00eb, \u00e7\u00ebshtja duhet t\u00eb ndiqet edhe n\u00eb instancat m\u00eb t\u00eb larta [&hellip;]<\/p>\n","protected":false},"author":2016,"featured_media":184738,"comment_status":"closed","ping_status":"closed","sticky":false,"template":"","format":"standard","meta":{"footnotes":""},"categories":[241],"tags":[3305],"class_list":{"0":"post-184736","1":"post","2":"type-post","3":"status-publish","4":"format-standard","5":"has-post-thumbnail","7":"category-aktualitet","8":"tag-lajme-zjarr-presidenti-meta-zjarr-tv"},"_links":{"self":[{"href":"https:\/\/zjarr.tv\/en\/wp-json\/wp\/v2\/posts\/184736","targetHints":{"allow":["GET"]}}],"collection":[{"href":"https:\/\/zjarr.tv\/en\/wp-json\/wp\/v2\/posts"}],"about":[{"href":"https:\/\/zjarr.tv\/en\/wp-json\/wp\/v2\/types\/post"}],"author":[{"embeddable":true,"href":"https:\/\/zjarr.tv\/en\/wp-json\/wp\/v2\/users\/2016"}],"replies":[{"embeddable":true,"href":"https:\/\/zjarr.tv\/en\/wp-json\/wp\/v2\/comments?post=184736"}],"version-history":[{"count":0,"href":"https:\/\/zjarr.tv\/en\/wp-json\/wp\/v2\/posts\/184736\/revisions"}],"wp:featuredmedia":[{"embeddable":true,"href":"https:\/\/zjarr.tv\/en\/wp-json\/wp\/v2\/media\/184738"}],"wp:attachment":[{"href":"https:\/\/zjarr.tv\/en\/wp-json\/wp\/v2\/media?parent=184736"}],"wp:term":[{"taxonomy":"category","embeddable":true,"href":"https:\/\/zjarr.tv\/en\/wp-json\/wp\/v2\/categories?post=184736"},{"taxonomy":"post_tag","embeddable":true,"href":"https:\/\/zjarr.tv\/en\/wp-json\/wp\/v2\/tags?post=184736"}],"curies":[{"name":"wp","href":"https:\/\/api.w.org\/{rel}","templated":true}]}}