{"id":184739,"date":"2021-05-26T10:44:53","date_gmt":"2021-05-26T08:44:53","guid":{"rendered":"https:\/\/zjarr.tv\/?p=184739"},"modified":"2021-05-26T10:44:53","modified_gmt":"2021-05-26T08:44:53","slug":"soreca-pro-krijimit-te-parkut-kombetar-te-vjoses-te-degjohen-komunitetet","status":"publish","type":"post","link":"https:\/\/zjarr.tv\/en\/soreca-pro-krijimit-te-parkut-kombetar-te-vjoses-te-degjohen-komunitetet\/","title":{"rendered":"Soreca pro krijimit t\u00eb Parkut Komb\u00ebtar t\u00eb Vjos\u00ebs, t\u00eb d\u00ebgjohen komunitetet\u2026"},"content":{"rendered":"<p style=\"line-height: 17.65pt; vertical-align: baseline;\"><span style=\"color: #464343;\">Ambasadori i Bashkimit Europian n\u00eb Tiran\u00eb, Luggi Soreca, ka shprehur s\u00ebrish q\u00ebndrimin e tij pro krijimit t\u00eb Parkut Komb\u00ebtar t\u00eb Vjos\u00ebs.<\/span><\/p>\n<p style=\"line-height: 17.65pt; vertical-align: baseline;\"><span style=\"color: #464343;\">P\u00ebrmes nj\u00eb statusi n\u00eb rrjetin social Twitter, Soreca ka shp\u00ebrndar\u00eb q\u00ebndrimin e BE-s\u00eb, e cila vazhdon ta ndjek\u00eb k\u00ebt\u00eb \u00e7\u00ebshtje nga af\u00ebr s\u00eb bashku me Ambasadat e BE.<\/span><\/p>\n<p style=\"line-height: 17.65pt; vertical-align: baseline;\"><span style=\"color: #464343;\">Gjithashtu, Soreca b\u00ebn thirrje q\u00eb z\u00ebri i komuniteteve t\u00eb ekspert\u00ebve t\u00eb mjedisit dhe i qytetar\u00ebve t\u00eb d\u00ebgjohet.<\/span><\/p>\n<p style=\"line-height: 17.65pt; vertical-align: baseline;\"><span style=\"color: #464343;\">\u201cNe mb\u00ebshtesim iniciativ\u00ebn p\u00ebr krijimin e Parkut Komb\u00ebtar Vjosa. Bashkimi Europian vazhdon ta ndjek\u00eb k\u00ebt\u00eb \u00e7\u00ebshtje nga af\u00ebr s\u00eb bashku me Ambasadat e BE, n\u00eb konsultim me autoritetet e Shqip\u00ebris\u00eb. \u00cbsht\u00eb thelb\u00ebsore q\u00eb z\u00ebri i komuniteteve lokale dhe ekspert\u00ebve t\u00eb mjedisit t\u00eb d\u00ebgjohet.\u201d, shkruan Soreca n\u00eb reagimin e tij.<\/span><\/p>","protected":false},"excerpt":{"rendered":"<p>Ambasadori i Bashkimit Europian n\u00eb Tiran\u00eb, Luggi Soreca, ka shprehur s\u00ebrish q\u00ebndrimin e tij pro krijimit t\u00eb Parkut Komb\u00ebtar t\u00eb Vjos\u00ebs. P\u00ebrmes nj\u00eb statusi n\u00eb rrjetin social Twitter, Soreca ka shp\u00ebrndar\u00eb q\u00ebndrimin e BE-s\u00eb, e cila vazhdon ta ndjek\u00eb k\u00ebt\u00eb \u00e7\u00ebshtje nga af\u00ebr s\u00eb bashku me Ambasadat e BE. Gjithashtu, Soreca b\u00ebn thirrje q\u00eb z\u00ebri [&hellip;]<\/p>\n","protected":false},"author":2016,"featured_media":184741,"comment_status":"closed","ping_status":"closed","sticky":false,"template":"","format":"standard","meta":{"footnotes":""},"categories":[241],"tags":[3306],"class_list":{"0":"post-184739","1":"post","2":"type-post","3":"status-publish","4":"format-standard","5":"has-post-thumbnail","7":"category-aktualitet","8":"tag-lajme-zjarr-soreca-pro-krijimit-te-parkut-kombetar-te-vjoses-zjarr-tv"},"_links":{"self":[{"href":"https:\/\/zjarr.tv\/en\/wp-json\/wp\/v2\/posts\/184739","targetHints":{"allow":["GET"]}}],"collection":[{"href":"https:\/\/zjarr.tv\/en\/wp-json\/wp\/v2\/posts"}],"about":[{"href":"https:\/\/zjarr.tv\/en\/wp-json\/wp\/v2\/types\/post"}],"author":[{"embeddable":true,"href":"https:\/\/zjarr.tv\/en\/wp-json\/wp\/v2\/users\/2016"}],"replies":[{"embeddable":true,"href":"https:\/\/zjarr.tv\/en\/wp-json\/wp\/v2\/comments?post=184739"}],"version-history":[{"count":0,"href":"https:\/\/zjarr.tv\/en\/wp-json\/wp\/v2\/posts\/184739\/revisions"}],"wp:featuredmedia":[{"embeddable":true,"href":"https:\/\/zjarr.tv\/en\/wp-json\/wp\/v2\/media\/184741"}],"wp:attachment":[{"href":"https:\/\/zjarr.tv\/en\/wp-json\/wp\/v2\/media?parent=184739"}],"wp:term":[{"taxonomy":"category","embeddable":true,"href":"https:\/\/zjarr.tv\/en\/wp-json\/wp\/v2\/categories?post=184739"},{"taxonomy":"post_tag","embeddable":true,"href":"https:\/\/zjarr.tv\/en\/wp-json\/wp\/v2\/tags?post=184739"}],"curies":[{"name":"wp","href":"https:\/\/api.w.org\/{rel}","templated":true}]}}