{"id":184745,"date":"2021-05-26T11:04:35","date_gmt":"2021-05-26T09:04:35","guid":{"rendered":"https:\/\/zjarr.tv\/?p=184745"},"modified":"2021-05-26T11:04:35","modified_gmt":"2021-05-26T09:04:35","slug":"biznesmeni-i-njohur-befason-blendi-fevziun-tregon-cfare-mori-me-vete-kur-u-largua-nga-shqiperia","status":"publish","type":"post","link":"https:\/\/zjarr.tv\/en\/biznesmeni-i-njohur-befason-blendi-fevziun-tregon-cfare-mori-me-vete-kur-u-largua-nga-shqiperia\/","title":{"rendered":"Biznesmeni i njohur befason Blendi Fevziun, tregon \u00e7far\u00eb mori me vete kur u largua nga Shqip\u00ebria\u2026"},"content":{"rendered":"<p>Sip\u00ebrmarr\u00ebsi shqiptar Shp\u00ebtim Redo, i ka befasuar t\u00eb gjith\u00eb me veprim q\u00eb ka b\u00ebr\u00eb 31 vite m\u00eb par\u00eb, teksa po largohej nga Shqip\u00ebria.<\/p>\n<p>Redo ishte i ftuar n\u00eb emisionin \u201cOpinion\u201d, ku tregoi se mori nj\u00eb cop\u00eb dhe dhe madje tregon se dheun nuk ia kan\u00eb marr\u00eb as n\u00eb Jugosllavi dhe e mban me vete p\u00ebr fat t\u00eb mir\u00eb.<\/p>\n<p><em style=\"font-weight: inherit;\"> \u201cJam shum\u00eb i lidhur me Shqip\u00ebrin\u00eb. At\u00eb nat\u00eb q\u00eb kam ikur kam marr\u00eb pak dhe n\u00eb kufi. Gjithmon\u00eb e kam me vete. Quhej brezi i but\u00eb. E kam pasur gjithmon\u00eb me vete. Besoj \u00ebsht\u00eb mbar\u00ebsi. As n\u00eb Jugosllavi nuk ma kan\u00eb marr\u00eb. Shqip\u00ebrin\u00eb e kam me vete gjithmon\u00eb. E mbaj gjithmon\u00eb,\u201d<\/em>\u00a0\u2013 u shpreh Redo.<\/p>\n<p>&nbsp;<\/p>\n<p>&nbsp;<\/p>","protected":false},"excerpt":{"rendered":"<p>Sip\u00ebrmarr\u00ebsi shqiptar Shp\u00ebtim Redo, i ka befasuar t\u00eb gjith\u00eb me veprim q\u00eb ka b\u00ebr\u00eb 31 vite m\u00eb par\u00eb, teksa po largohej nga Shqip\u00ebria. Redo ishte i ftuar n\u00eb emisionin \u201cOpinion\u201d, ku tregoi se mori nj\u00eb cop\u00eb dhe dhe madje tregon se dheun nuk ia kan\u00eb marr\u00eb as n\u00eb Jugosllavi dhe e mban me vete p\u00ebr [&hellip;]<\/p>\n","protected":false},"author":2016,"featured_media":184749,"comment_status":"closed","ping_status":"closed","sticky":false,"template":"","format":"standard","meta":{"footnotes":""},"categories":[241],"tags":[3308],"class_list":{"0":"post-184745","1":"post","2":"type-post","3":"status-publish","4":"format-standard","5":"has-post-thumbnail","7":"category-aktualitet","8":"tag-lajme-zjarr-biznesmeni-befason-fevziun-zjarr-tv"},"_links":{"self":[{"href":"https:\/\/zjarr.tv\/en\/wp-json\/wp\/v2\/posts\/184745","targetHints":{"allow":["GET"]}}],"collection":[{"href":"https:\/\/zjarr.tv\/en\/wp-json\/wp\/v2\/posts"}],"about":[{"href":"https:\/\/zjarr.tv\/en\/wp-json\/wp\/v2\/types\/post"}],"author":[{"embeddable":true,"href":"https:\/\/zjarr.tv\/en\/wp-json\/wp\/v2\/users\/2016"}],"replies":[{"embeddable":true,"href":"https:\/\/zjarr.tv\/en\/wp-json\/wp\/v2\/comments?post=184745"}],"version-history":[{"count":0,"href":"https:\/\/zjarr.tv\/en\/wp-json\/wp\/v2\/posts\/184745\/revisions"}],"wp:featuredmedia":[{"embeddable":true,"href":"https:\/\/zjarr.tv\/en\/wp-json\/wp\/v2\/media\/184749"}],"wp:attachment":[{"href":"https:\/\/zjarr.tv\/en\/wp-json\/wp\/v2\/media?parent=184745"}],"wp:term":[{"taxonomy":"category","embeddable":true,"href":"https:\/\/zjarr.tv\/en\/wp-json\/wp\/v2\/categories?post=184745"},{"taxonomy":"post_tag","embeddable":true,"href":"https:\/\/zjarr.tv\/en\/wp-json\/wp\/v2\/tags?post=184745"}],"curies":[{"name":"wp","href":"https:\/\/api.w.org\/{rel}","templated":true}]}}