{"id":184754,"date":"2021-05-26T11:21:37","date_gmt":"2021-05-26T09:21:37","guid":{"rendered":"https:\/\/zjarr.tv\/?p=184754"},"modified":"2021-05-26T11:21:37","modified_gmt":"2021-05-26T09:21:37","slug":"berisha-non-grata-nga-shba-rama-flet-per-here-te-pare-telenovela-politike-e-ka-kthyer","status":"publish","type":"post","link":"https:\/\/zjarr.tv\/en\/berisha-non-grata-nga-shba-rama-flet-per-here-te-pare-telenovela-politike-e-ka-kthyer\/","title":{"rendered":"Berisha \u201cnon grata\u201d nga SHBA, Rama flet p\u00ebr her\u00eb t\u00eb par\u00eb: Telenovela politike e ka kthyer\u2026"},"content":{"rendered":"<p style=\"background: white; margin: 0in 0in 19.5pt 0in;\">Kryeministri Edi Rama ka qen\u00eb sot n\u00eb sheshin \u201cSk\u00ebnderbej\u201d, bashk\u00eb me ministren Ogerta Manastirliu p\u00ebr t\u00eb folur p\u00ebr situat\u00ebn e pandemis\u00eb n\u00eb vendin ton\u00eb.<\/p>\n<p style=\"background: white; -webkit-tap-highlight-color: transparent !important; box-sizing: border-box; overflow-wrap: break-word; font-variant-ligatures: normal; font-variant-caps: normal; orphans: 2; widows: 2; -webkit-text-stroke-width: 0px; text-decoration-thickness: initial; text-decoration-style: initial; text-decoration-color: initial; word-spacing: 0px; margin: 0in 0in 19.5pt 0in;\">Gjat\u00eb fjal\u00ebs s\u00eb tij, Rama tha se duhet t\u00eb vazhdojm\u00eb t\u00eb jemi t\u00eb kujdessh\u00ebm.<\/p>\n<p style=\"background: white; -webkit-tap-highlight-color: transparent !important; box-sizing: border-box; overflow-wrap: break-word; font-variant-ligatures: normal; font-variant-caps: normal; orphans: 2; widows: 2; -webkit-text-stroke-width: 0px; text-decoration-thickness: initial; text-decoration-style: initial; text-decoration-color: initial; word-spacing: 0px; margin: 0in 0in 19.5pt 0in;\">\u201cDuhet t\u00eb vazhdojm\u00eb t\u00eb jemi t\u00eb kujdessh\u00ebm, nes\u00ebr Komiteti do t\u00eb dal\u00eb me lajmin e ri me leht\u00ebsimin e masave dhe ambicia jon\u00eb p\u00ebr t\u00eb pasur\u201d,- tha Rama.<\/p>\n<p style=\"background: white; -webkit-tap-highlight-color: transparent !important; box-sizing: border-box; overflow-wrap: break-word; font-variant-ligatures: normal; font-variant-caps: normal; orphans: 2; widows: 2; -webkit-text-stroke-width: 0px; text-decoration-thickness: initial; text-decoration-style: initial; text-decoration-color: initial; word-spacing: 0px; margin: 0in 0in 19.5pt 0in;\">M\u00eb pas ia u pyet nga gazetar\u00ebt n\u00eb lidhje me vendimin e DASH p\u00ebr t\u00eb shpallur \u201cnon grata\u201d ish-kryeministrin Sali Berisha dhe familjen e tij t\u00eb ngusht\u00eb.<\/p>\n<p style=\"background: white; -webkit-tap-highlight-color: transparent !important; box-sizing: border-box; overflow-wrap: break-word; font-variant-ligatures: normal; font-variant-caps: normal; orphans: 2; widows: 2; -webkit-text-stroke-width: 0px; text-decoration-thickness: initial; text-decoration-style: initial; text-decoration-color: initial; word-spacing: 0px; margin: 0in 0in 19.5pt 0in;\">Rama refuzoi q\u00eb t\u00eb jap\u00eb nj\u00eb koment duke th\u00ebn\u00eb se \u00ebsht\u00eb i fokusuar tek pun\u00ebt e tij dhe nuk do t\u00eb merret me telenovel\u00ebn politike.<\/p>\n<p style=\"background: white; -webkit-tap-highlight-color: transparent !important; box-sizing: border-box; overflow-wrap: break-word; font-variant-ligatures: normal; font-variant-caps: normal; orphans: 2; widows: 2; -webkit-text-stroke-width: 0px; text-decoration-thickness: initial; text-decoration-style: initial; text-decoration-color: initial; word-spacing: 0px; margin: 0in 0in 19.5pt 0in;\">\u201cUn\u00eb jam 100% i fokusuar tek pun\u00ebt, nuk e kemi ndalur pun\u00ebn asnj\u00eb dit\u00eb gjat\u00eb fushat\u00ebs dhe pas fushat\u00ebs dhe t\u00eb \u00e7elim nj\u00eb rrug\u00eb t\u00eb re n\u00eb aspektin e nd\u00ebrtimit publik dhe p\u00ebr k\u00ebt\u00eb duhet t\u00eb shmangim t\u00eb gjith\u00eb ato aspekte q\u00eb e kane kthyer jet\u00ebn politik\u00eb n\u00eb nj\u00eb telenovel\u00eb. P\u00ebr mua ka shum\u00eb r\u00ebnd\u00ebsi se sa p\u00ebrparojm\u00eb\u201d,- tha Rama.<\/p>","protected":false},"excerpt":{"rendered":"<p>Kryeministri Edi Rama ka qen\u00eb sot n\u00eb sheshin \u201cSk\u00ebnderbej\u201d, bashk\u00eb me ministren Ogerta Manastirliu p\u00ebr t\u00eb folur p\u00ebr situat\u00ebn e pandemis\u00eb n\u00eb vendin ton\u00eb. Gjat\u00eb fjal\u00ebs s\u00eb tij, Rama tha se duhet t\u00eb vazhdojm\u00eb t\u00eb jemi t\u00eb kujdessh\u00ebm. \u201cDuhet t\u00eb vazhdojm\u00eb t\u00eb jemi t\u00eb kujdessh\u00ebm, nes\u00ebr Komiteti do t\u00eb dal\u00eb me lajmin e ri me [&hellip;]<\/p>\n","protected":false},"author":2030,"featured_media":184757,"comment_status":"closed","ping_status":"closed","sticky":false,"template":"","format":"standard","meta":{"footnotes":""},"categories":[241,1454],"tags":[],"class_list":{"0":"post-184754","1":"post","2":"type-post","3":"status-publish","4":"format-standard","5":"has-post-thumbnail","7":"category-aktualitet","8":"category-politike"},"_links":{"self":[{"href":"https:\/\/zjarr.tv\/en\/wp-json\/wp\/v2\/posts\/184754","targetHints":{"allow":["GET"]}}],"collection":[{"href":"https:\/\/zjarr.tv\/en\/wp-json\/wp\/v2\/posts"}],"about":[{"href":"https:\/\/zjarr.tv\/en\/wp-json\/wp\/v2\/types\/post"}],"author":[{"embeddable":true,"href":"https:\/\/zjarr.tv\/en\/wp-json\/wp\/v2\/users\/2030"}],"replies":[{"embeddable":true,"href":"https:\/\/zjarr.tv\/en\/wp-json\/wp\/v2\/comments?post=184754"}],"version-history":[{"count":0,"href":"https:\/\/zjarr.tv\/en\/wp-json\/wp\/v2\/posts\/184754\/revisions"}],"wp:featuredmedia":[{"embeddable":true,"href":"https:\/\/zjarr.tv\/en\/wp-json\/wp\/v2\/media\/184757"}],"wp:attachment":[{"href":"https:\/\/zjarr.tv\/en\/wp-json\/wp\/v2\/media?parent=184754"}],"wp:term":[{"taxonomy":"category","embeddable":true,"href":"https:\/\/zjarr.tv\/en\/wp-json\/wp\/v2\/categories?post=184754"},{"taxonomy":"post_tag","embeddable":true,"href":"https:\/\/zjarr.tv\/en\/wp-json\/wp\/v2\/tags?post=184754"}],"curies":[{"name":"wp","href":"https:\/\/api.w.org\/{rel}","templated":true}]}}