{"id":184760,"date":"2021-05-26T11:31:01","date_gmt":"2021-05-26T09:31:01","guid":{"rendered":"https:\/\/zjarr.tv\/?p=184760"},"modified":"2021-05-26T11:31:01","modified_gmt":"2021-05-26T09:31:01","slug":"pasi-humbi-zgjedhjet-rudina-hajdari-arratiset-ne-amerike-dhe-takohet-me-zyrtarin-e-larte-te-dash-zbulon-cfare-diskutuan","status":"publish","type":"post","link":"https:\/\/zjarr.tv\/en\/pasi-humbi-zgjedhjet-rudina-hajdari-arratiset-ne-amerike-dhe-takohet-me-zyrtarin-e-larte-te-dash-zbulon-cfare-diskutuan\/","title":{"rendered":"Pasi humbi Zgjedhjet, Rudina Hajdari arratiset n\u00eb Amerik\u00eb dhe takohet me zyrtarin e lart\u00eb t\u00eb DASH\/ Zbulon \u00e7far\u00eb diskutuan&#8230;"},"content":{"rendered":"<p>Dit\u00ebn e djeshme, Rudina Hajdari, ka pasur nj\u00eb takim me drejtorin p\u00ebr \u00e7\u00ebshtjet e Europ\u00ebs qendrore dhe jugore z.Dave Konstelancik, n\u00eb Departamentin e Shtetit Amerikan.<\/p>\n<p>Ajo shprehet se me Konstelancik, ka diskutuar p\u00ebr situat\u00ebn n\u00eb Shqip\u00ebri, ve\u00e7an\u00ebrisht problemet q\u00eb vendi ka me korrupsionin.<\/p>\n<p><em>\u201cMe ftes\u00ebn e Departamentit Amerikan t\u00eb Shtetit pata dje nj\u00eb takim me drejtorin p\u00ebr \u00e7\u00ebshtjet e Europ\u00ebs q\u00ebndrore dhe jugore z. Dave Konstelancik. Ndava me t\u00eb shqet\u00ebsimet p\u00ebr situat\u00ebn n\u00eb Shqip\u00ebri, ve\u00e7an\u00ebrisht problemet q\u00eb vendi ka me kirmin e organizuar dhe korrupsionin, si edhe e informova p\u00ebr aktivitetin tim politik. Sigurova mb\u00ebshtetje t\u00eb pakursyer me besimin se vendi ka nevoj\u00eb p\u00ebr njer\u00ebz t\u00eb rinj, me ide t\u00eb reja p\u00ebr t\u00eb \u00e7uar p\u00ebrpara projektet e integrimit si edhe p\u00ebr t\u00eb ashp\u00ebrsuar luft\u00ebn kund\u00ebr korrupsionit. Gjithnj\u00eb k\u00ebnaq\u00ebsi t\u00eb jem n\u00eb Washington DC dhe ve\u00e7an\u00ebrisht n\u00eb Departamentin e Shtetit t\u00eb cil\u00ebve u jam mir\u00ebnjoh\u00ebse p\u00ebr ndihm\u00ebn dhe mb\u00ebshtetjen q\u00eb i japin vendit\u201d<\/em>, shkruan Hajdari.<\/p>","protected":false},"excerpt":{"rendered":"<p>Dit\u00ebn e djeshme, Rudina Hajdari, ka pasur nj\u00eb takim me drejtorin p\u00ebr \u00e7\u00ebshtjet e Europ\u00ebs qendrore dhe jugore z.Dave Konstelancik, n\u00eb Departamentin e Shtetit Amerikan. Ajo shprehet se me Konstelancik, ka diskutuar p\u00ebr situat\u00ebn n\u00eb Shqip\u00ebri, ve\u00e7an\u00ebrisht problemet q\u00eb vendi ka me korrupsionin. \u201cMe ftes\u00ebn e Departamentit Amerikan t\u00eb Shtetit pata dje nj\u00eb takim me [&hellip;]<\/p>\n","protected":false},"author":2016,"featured_media":184764,"comment_status":"closed","ping_status":"closed","sticky":false,"template":"","format":"standard","meta":{"footnotes":""},"categories":[241],"tags":[3311],"class_list":{"0":"post-184760","1":"post","2":"type-post","3":"status-publish","4":"format-standard","5":"has-post-thumbnail","7":"category-aktualitet","8":"tag-lajme-zjarr-hajdari-arratiset-ne-amerike-zjarr-tv"},"_links":{"self":[{"href":"https:\/\/zjarr.tv\/en\/wp-json\/wp\/v2\/posts\/184760","targetHints":{"allow":["GET"]}}],"collection":[{"href":"https:\/\/zjarr.tv\/en\/wp-json\/wp\/v2\/posts"}],"about":[{"href":"https:\/\/zjarr.tv\/en\/wp-json\/wp\/v2\/types\/post"}],"author":[{"embeddable":true,"href":"https:\/\/zjarr.tv\/en\/wp-json\/wp\/v2\/users\/2016"}],"replies":[{"embeddable":true,"href":"https:\/\/zjarr.tv\/en\/wp-json\/wp\/v2\/comments?post=184760"}],"version-history":[{"count":0,"href":"https:\/\/zjarr.tv\/en\/wp-json\/wp\/v2\/posts\/184760\/revisions"}],"wp:featuredmedia":[{"embeddable":true,"href":"https:\/\/zjarr.tv\/en\/wp-json\/wp\/v2\/media\/184764"}],"wp:attachment":[{"href":"https:\/\/zjarr.tv\/en\/wp-json\/wp\/v2\/media?parent=184760"}],"wp:term":[{"taxonomy":"category","embeddable":true,"href":"https:\/\/zjarr.tv\/en\/wp-json\/wp\/v2\/categories?post=184760"},{"taxonomy":"post_tag","embeddable":true,"href":"https:\/\/zjarr.tv\/en\/wp-json\/wp\/v2\/tags?post=184760"}],"curies":[{"name":"wp","href":"https:\/\/api.w.org\/{rel}","templated":true}]}}