{"id":184761,"date":"2021-05-26T11:32:14","date_gmt":"2021-05-26T09:32:14","guid":{"rendered":"https:\/\/zjarr.tv\/?p=184761"},"modified":"2021-05-26T11:32:14","modified_gmt":"2021-05-26T09:32:14","slug":"shkarkimi-i-metes-bushati-do-te-zevendesohet-me-nje-grua","status":"publish","type":"post","link":"https:\/\/zjarr.tv\/en\/shkarkimi-i-metes-bushati-do-te-zevendesohet-me-nje-grua\/","title":{"rendered":"Shkarkimi i Met\u00ebs, Bushati: Do t\u00eb z\u00ebvend\u00ebsohet me nj\u00eb grua"},"content":{"rendered":"<p style=\"background: white; margin: 0in 0in 19.5pt 0in;\">Kreu i Partis\u00eb Socialiste p\u00ebr Tiran\u00ebn, Ervin Bushati n\u00eb nj\u00eb intervist\u00eb ka folur p\u00ebr shkarkimin e presidentit Ilir Meta.<\/p>\n<p style=\"background: white; -webkit-tap-highlight-color: transparent !important; box-sizing: border-box; overflow-wrap: break-word; font-variant-ligatures: normal; font-variant-caps: normal; orphans: 2; widows: 2; -webkit-text-stroke-width: 0px; text-decoration-thickness: initial; text-decoration-style: initial; text-decoration-color: initial; word-spacing: 0px; margin: 0in 0in 19.5pt 0in;\">Bushati dha edhe \u201csinjal\u201d duke th\u00ebn\u00eb se Meta mund t\u00eb z\u00ebvend\u00ebsohet nga nj\u00eb president grua.<\/p>\n<p style=\"background: white; -webkit-tap-highlight-color: transparent !important; box-sizing: border-box; overflow-wrap: break-word; font-variant-ligatures: normal; font-variant-caps: normal; orphans: 2; widows: 2; -webkit-text-stroke-width: 0px; text-decoration-thickness: initial; text-decoration-style: initial; text-decoration-color: initial; word-spacing: 0px; margin: 0in 0in 19.5pt 0in;\">N\u00eb nj\u00eb intervist\u00eb p\u00ebr Vizion Plus, Bushati deklaroi se ka ardhur koha t\u00eb vendoset nj\u00eb precedent p\u00ebr t\u00eb p\u00ebrfaq\u00ebsuar denj\u00ebsisht shqiptar\u00ebt.<\/p>\n<p style=\"background: white; -webkit-tap-highlight-color: transparent !important; box-sizing: border-box; overflow-wrap: break-word; font-variant-ligatures: normal; font-variant-caps: normal; orphans: 2; widows: 2; -webkit-text-stroke-width: 0px; text-decoration-thickness: initial; text-decoration-style: initial; text-decoration-color: initial; word-spacing: 0px; margin: 0in 0in 19.5pt 0in;\">\u201c<em>Ne jemi t\u00eb qart\u00eb dhe kemi nj\u00eb komision t\u00eb dyt\u00eb p\u00ebr t\u00eb shkarkuar presidentin. N\u00eb k\u00ebt\u00eb proces, Shqip\u00ebria \u00ebsht\u00eb nj\u00eb Amerik\u00eb e vog\u00ebl, po t\u00b4i referohemi \u201cimpeachment-it\u201d atje. Duhet t\u00eb vendosur nj\u00eb precedent, q\u00eb ai q\u00eb do jet\u00eb n\u00eb krye t\u00eb shtetit, q\u00eb un\u00eb mendoj se duhet t\u00eb jet\u00eb nj\u00eb fem\u00ebr, duhet t\u00eb p\u00ebrfaq\u00ebsoj\u00eb denj\u00ebsisht shqiptar\u00ebt. Presidenca ka qen\u00eb benzina politike e k\u00ebtyre zgjedhjeve,<\/em>\u201d tha ai nd\u00ebr t\u00eb tjera.<\/p>","protected":false},"excerpt":{"rendered":"<p>Kreu i Partis\u00eb Socialiste p\u00ebr Tiran\u00ebn, Ervin Bushati n\u00eb nj\u00eb intervist\u00eb ka folur p\u00ebr shkarkimin e presidentit Ilir Meta. Bushati dha edhe \u201csinjal\u201d duke th\u00ebn\u00eb se Meta mund t\u00eb z\u00ebvend\u00ebsohet nga nj\u00eb president grua. N\u00eb nj\u00eb intervist\u00eb p\u00ebr Vizion Plus, Bushati deklaroi se ka ardhur koha t\u00eb vendoset nj\u00eb precedent p\u00ebr t\u00eb p\u00ebrfaq\u00ebsuar denj\u00ebsisht shqiptar\u00ebt. [&hellip;]<\/p>\n","protected":false},"author":2030,"featured_media":184766,"comment_status":"closed","ping_status":"closed","sticky":false,"template":"","format":"standard","meta":{"footnotes":""},"categories":[241,1454],"tags":[],"class_list":{"0":"post-184761","1":"post","2":"type-post","3":"status-publish","4":"format-standard","5":"has-post-thumbnail","7":"category-aktualitet","8":"category-politike"},"_links":{"self":[{"href":"https:\/\/zjarr.tv\/en\/wp-json\/wp\/v2\/posts\/184761","targetHints":{"allow":["GET"]}}],"collection":[{"href":"https:\/\/zjarr.tv\/en\/wp-json\/wp\/v2\/posts"}],"about":[{"href":"https:\/\/zjarr.tv\/en\/wp-json\/wp\/v2\/types\/post"}],"author":[{"embeddable":true,"href":"https:\/\/zjarr.tv\/en\/wp-json\/wp\/v2\/users\/2030"}],"replies":[{"embeddable":true,"href":"https:\/\/zjarr.tv\/en\/wp-json\/wp\/v2\/comments?post=184761"}],"version-history":[{"count":0,"href":"https:\/\/zjarr.tv\/en\/wp-json\/wp\/v2\/posts\/184761\/revisions"}],"wp:featuredmedia":[{"embeddable":true,"href":"https:\/\/zjarr.tv\/en\/wp-json\/wp\/v2\/media\/184766"}],"wp:attachment":[{"href":"https:\/\/zjarr.tv\/en\/wp-json\/wp\/v2\/media?parent=184761"}],"wp:term":[{"taxonomy":"category","embeddable":true,"href":"https:\/\/zjarr.tv\/en\/wp-json\/wp\/v2\/categories?post=184761"},{"taxonomy":"post_tag","embeddable":true,"href":"https:\/\/zjarr.tv\/en\/wp-json\/wp\/v2\/tags?post=184761"}],"curies":[{"name":"wp","href":"https:\/\/api.w.org\/{rel}","templated":true}]}}