{"id":184769,"date":"2021-05-26T11:39:02","date_gmt":"2021-05-26T09:39:02","guid":{"rendered":"https:\/\/zjarr.tv\/?p=184769"},"modified":"2021-05-26T11:39:02","modified_gmt":"2021-05-26T09:39:02","slug":"anetari-i-keshillit-kombetar-te-pd-se-flet-me-bindje-te-plote-se-kush-e-fiton-garen-ne-partine-demokratike","status":"publish","type":"post","link":"https:\/\/zjarr.tv\/en\/anetari-i-keshillit-kombetar-te-pd-se-flet-me-bindje-te-plote-se-kush-e-fiton-garen-ne-partine-demokratike\/","title":{"rendered":"An\u00ebtari i K\u00ebshillit Komb\u00ebtar t\u00eb PD-s\u00eb flet me bindje t\u00eb plot\u00eb se kush e fiton gar\u00ebn n\u00eb Partin\u00eb Demokratike\u2026"},"content":{"rendered":"<p>Dritan Shano, an\u00ebtar i K\u00ebshillit Komb\u00ebtar t\u00eb Partis\u00eb Demokratike, thot\u00eb se i shikon me shqet\u00ebsim zgjedhjet brenda partis\u00eb. Ai thekson se gara nuk \u00ebsht\u00eb reale dhe shton se gjith\u00e7ka duket si nj\u00eb betej\u00eb p\u00ebr vul\u00ebn.<\/p>\n<p><em>\u201cBasha hyn n\u00eb gar\u00eb si kryetar n\u00eb ket\u00eb sprint 100 metra, ku kryetari e nis gar\u00ebn tek metri i 90. Kjo p\u00ebrb\u00ebjn\u00eb shqet\u00ebsim dhe kjo m\u00eb \u00e7on t\u00eb them se nuk ka gar\u00eb. Nj\u00eb gar\u00eb q\u00eb nuk fillon n\u00eb kushte t\u00eb barabarta nuk quhet as gar\u00eb\u201d<\/em>, deklaroi Shano.<\/p>\n<p>Ndon\u00ebse e shikon t\u00eb paracaktuar q\u00eb Basha do t\u00eb mbetet s\u00ebrish n\u00eb krye t\u00eb PD, Shano thekson se n\u00eb tet\u00eb vite n\u00eb krye t\u00eb partis\u00eb kryetari, ka treguar se nuk ka se \u00e7far\u00eb t\u2019u ofroj\u00eb m\u00eb shqiptar\u00ebve.<\/p>\n<p><em>\u201cBasha nuk ka aft\u00ebsi p\u00ebr t\u00eb ndryshuar, nga 2013 deri n\u00eb 2021 nuk kam par\u00eb asgj\u00eb ndryshe. Gjith\u00e7ka ka qen\u00eb identike dhe un\u00eb besoj se ai e ka shteruar at\u00eb q\u00eb mund t\u2019u ofroj\u00eb shqiptar\u00ebve. Nuk mund t\u00eb biem n\u00eb kurthin e asaj \u2018mir\u00eb iku por kush do t\u00eb vij\u00eb\u2019. N\u00eb PD ka aq shum\u00eb njer\u00ebz dhe p\u00ebrtej tre kandidat\u00ebve q\u00eb mund ta drejtojn\u00eb PD. Un\u00eb e imagjinoj PD si nj\u00eb lum\u00eb q\u00eb rrjedh dhe jo si nj\u00eb pellg. Pengu nuk i duhet askujt, askush nuk e fut got\u00ebn aty\u201d<\/em>, p\u00ebrfundoi Shano p\u00ebr Euro News Albania.<\/p>","protected":false},"excerpt":{"rendered":"<p>Dritan Shano, an\u00ebtar i K\u00ebshillit Komb\u00ebtar t\u00eb Partis\u00eb Demokratike, thot\u00eb se i shikon me shqet\u00ebsim zgjedhjet brenda partis\u00eb. Ai thekson se gara nuk \u00ebsht\u00eb reale dhe shton se gjith\u00e7ka duket si nj\u00eb betej\u00eb p\u00ebr vul\u00ebn. \u201cBasha hyn n\u00eb gar\u00eb si kryetar n\u00eb ket\u00eb sprint 100 metra, ku kryetari e nis gar\u00ebn tek metri i 90. [&hellip;]<\/p>\n","protected":false},"author":2016,"featured_media":184772,"comment_status":"closed","ping_status":"closed","sticky":false,"template":"","format":"standard","meta":{"footnotes":""},"categories":[241,1454],"tags":[3312],"class_list":{"0":"post-184769","1":"post","2":"type-post","3":"status-publish","4":"format-standard","5":"has-post-thumbnail","7":"category-aktualitet","8":"category-politike","9":"tag-lajme-zjarr-anetari-i-keshillit-kombetar-te-pd-se-zjarr-tv"},"_links":{"self":[{"href":"https:\/\/zjarr.tv\/en\/wp-json\/wp\/v2\/posts\/184769","targetHints":{"allow":["GET"]}}],"collection":[{"href":"https:\/\/zjarr.tv\/en\/wp-json\/wp\/v2\/posts"}],"about":[{"href":"https:\/\/zjarr.tv\/en\/wp-json\/wp\/v2\/types\/post"}],"author":[{"embeddable":true,"href":"https:\/\/zjarr.tv\/en\/wp-json\/wp\/v2\/users\/2016"}],"replies":[{"embeddable":true,"href":"https:\/\/zjarr.tv\/en\/wp-json\/wp\/v2\/comments?post=184769"}],"version-history":[{"count":0,"href":"https:\/\/zjarr.tv\/en\/wp-json\/wp\/v2\/posts\/184769\/revisions"}],"wp:featuredmedia":[{"embeddable":true,"href":"https:\/\/zjarr.tv\/en\/wp-json\/wp\/v2\/media\/184772"}],"wp:attachment":[{"href":"https:\/\/zjarr.tv\/en\/wp-json\/wp\/v2\/media?parent=184769"}],"wp:term":[{"taxonomy":"category","embeddable":true,"href":"https:\/\/zjarr.tv\/en\/wp-json\/wp\/v2\/categories?post=184769"},{"taxonomy":"post_tag","embeddable":true,"href":"https:\/\/zjarr.tv\/en\/wp-json\/wp\/v2\/tags?post=184769"}],"curies":[{"name":"wp","href":"https:\/\/api.w.org\/{rel}","templated":true}]}}